{"id":1320,"date":"2017-02-05T10:07:13","date_gmt":"2017-02-05T08:07:13","guid":{"rendered":"https:\/\/www.pauliforma.fi\/rantaradanvarrelta\/?p=1320"},"modified":"2017-02-06T17:01:55","modified_gmt":"2017-02-06T15:01:55","slug":"tyoymparisto","status":"publish","type":"post","link":"https:\/\/www.pauliforma.fi\/rantaradanvarrelta\/tyoymparisto\/","title":{"rendered":"Minun ty\u00f6ymp\u00e4rist\u00f6ni"},"content":{"rendered":"<p><a title=\"kahvilassa\" href=\"https:\/\/www.flickr.com\/photos\/pforma\/31874863194\/in\/dateposted-family\/\" data-flickr-embed=\"true\"><img loading=\"lazy\" decoding=\"async\" src=\"https:\/\/c1.staticflickr.com\/1\/260\/31874863194_8132bd2cf1.jpg\" alt=\"kahvilassa\" width=\"500\" height=\"333\" \/><\/a><\/p>\n<p><em>Tietoty\u00f6l\u00e4inen ty\u00f6skentelee kahvilassa.<\/em><\/p>\n<p>Keskustelu ty\u00f6ymp\u00e4rist\u00f6jen kehitt\u00e4misest\u00e4 k\u00e4y ty\u00f6paikoilla vilkkaana. Tavoitteena on tehostaa tilank\u00e4ytt\u00f6\u00e4, lis\u00e4t\u00e4 vuorovaikutusta ja etsi\u00e4 parhaiten ty\u00f6ntekoa tukevia ty\u00f6ymp\u00e4rist\u00f6j\u00e4.<\/p>\n<p>Ty\u00f6ymp\u00e4rist\u00f6jen \u00a0muutosprojektit onnistuvat urbaanien legendojen perusteella eri tavoin, aiheeseen liittyy suuria tunteita ja tutkimustuloksistakin voi poimia erilaisia johtop\u00e4\u00e4t\u00f6ksi\u00e4 tukemaan eri n\u00e4k\u00f6kantoja asiaan.<\/p>\n<p>Olen kirjoittanut teemasta aikaisemminkin <a href=\"https:\/\/www.pauliforma.fi\/rantaradanvarrelta\/monitilatoimisto\/\">t\u00e4\u00e4ll\u00e4<\/a>. Kirjoitus on edelleen yksi viikoittain luetuimpia kirjoituksiani. T\u00e4m\u00e4 ilment\u00e4\u00e4 sit\u00e4, ett\u00e4 aihe on ajankohtainen.<\/p>\n<p>Vaikka puhetta riitt\u00e4\u00e4 eniten juuri siit\u00e4, ett\u00e4 ty\u00f6ymp\u00e4rist\u00f6jen kehitt\u00e4misess\u00e4 oma ty\u00f6huone vaihtuu kenties yhteisk\u00e4ytt\u00f6iseksi monitilatoimistoksi tai ty\u00f6pisteeksi sellaisessa, kyse on laajemmasta muutoksesta. Siit\u00e4, ett\u00e4 ty\u00f6 muuttuu aikaisempaa enemm\u00e4n paikasta ja ajasta riippumattomaksi.<\/p>\n<p>Ty\u00f6ymp\u00e4rist\u00f6 ei my\u00f6sk\u00e4\u00e4n ole pelk\u00e4st\u00e4\u00e4n fyysinen: se koostuu fyysisten rakenteiden lis\u00e4ksi virtuaalisista v\u00e4lineist\u00e4 ja sosiaalisista k\u00e4yt\u00f6nn\u00f6ist\u00e4, toimintatavoista ja normeista.<\/p>\n<p>Seuraavassa pohdin ty\u00f6ymp\u00e4rist\u00f6\u00f6n ja ty\u00f6n tekemiseen liittyvi\u00e4 asioita puhtaasti omasta n\u00e4k\u00f6kulmastani ja omiin kokemuksiini perustuen.<\/p>\n<h3>Junassa on hyv\u00e4 ty\u00f6skennell\u00e4<\/h3>\n<p>Viet\u00e4n p\u00e4ivitt\u00e4in kaksi tuntia junassa matkustaen v\u00e4lill\u00e4 Karjaa-Helsinki-Karjaa. Minulla on t\u00e4st\u00e4 noin 15 vuoden kokemus ja olen aina ty\u00f6skennellyt junassa ty\u00f6matkoillani kirjoittaen, lukien ja suunnitellen.<\/p>\n<blockquote><p>Viikossa istun junassa 10 tuntia ja kuukaudessa 40 tuntia. N\u00e4in isolle ajalle on hyv\u00e4 keksi\u00e4 mielekk\u00e4\u00e4mp\u00e4\u00e4 ja hy\u00f6dyllisemp\u00e4\u00e4 tekemist\u00e4 kuin ikkunasta ulos tuijottaminen, vaikka l\u00e4nsiuusimaalainen mets\u00e4 kaunista onkin.<\/p><\/blockquote>\n<p>Juna on minulle yht\u00e4 hyv\u00e4 ty\u00f6ymp\u00e4rist\u00f6 kuin koti tai toimisto. Joskus jopa parempi, koska keskeytyksi\u00e4 on junassa v\u00e4hemm\u00e4n. (Kauko)junassa on siisti\u00e4, valoisaa ja istua voi rauhassa omalla paikalla. Paikallisjunat ovat eri juttu.<\/p>\n<p>Vuosien varrella junan verkkoyhteydet ovat parantuneet. T\u00e4ll\u00e4 hetkell\u00e4 omalla ty\u00f6matkallani verkkoyhteydet toimivat l\u00e4hes sataprosenttisesti ja yht\u00e4 hyvin kuin toimistolla ja kotona. Kaikilla rataosuuksilla tilanne ei tiet\u00e4\u00e4kseni ole ihan yht\u00e4 hyv\u00e4.<\/p>\n<p>Kanssamatkustajien juttelu tai muut \u00e4\u00e4net junassa eiv\u00e4t p\u00e4\u00e4s\u00e4\u00e4nt\u00f6isesti h\u00e4iritse minua. H\u00e4iri\u00f6t\u00e4 koen vain, jos tapahtuu jotakin tavallisuudesta poikkeavaa (jos vaikkapa junan kuulutus jumittuu h\u00e4iritsev\u00e4n kovalle).<\/p>\n<p>Toki junamatkan rauhallisuuteen vaikuttaa my\u00f6s se, ett\u00e4 matkustan tavallista hiljaisempien matkustajien, eli &#8221;ty\u00f6matkalaisten&#8221; vaunussa ja ty\u00f6matka-aikoihin. Joskus aikaisemmin kuuntelin junamatkoilla musiikkia, mutta olen sittemmin lopettanut sen.<\/p>\n<p>Erityisesti aamut ovat junassa tehokkaita. Kun saavun ty\u00f6paikalle, olen valmistautunut p\u00e4iv\u00e4n kokouksiin ja\/tai tehnyt jo ison siivun t\u00f6ist\u00e4 junassa. Illalla kotiinp\u00e4in palatessa olen hieman v\u00e4syneempi\u00a0ja ty\u00f6teho on alhaisempi.<\/p>\n<p>Mutta pointti oli siis se, ett\u00e4 junassa voi ty\u00f6skennell\u00e4 yht\u00e4 hyvin kuin toimistolla. Joukkoliikenneyhteyksien toimiessa olisi sulaa hulluutta ajaa ty\u00f6matka autolla.<\/p>\n<h3>Konttori pystyyn kahvilaan, ABC:lle tai kirjastoon<\/h3>\n<p>Jos olen kaupungilla menossa kokoukseen, hammasl\u00e4\u00e4k\u00e4riin, parturiin tai muualle ja minulla on hieman &#8221;luppoaikaa&#8221; juna-aikataulujen tai muiden syiden takia, saatan ty\u00f6skennell\u00e4 kahvilassa <em>latten<\/em> kera. T\u00e4ll\u00f6in yleens\u00e4 muodostan nettiyhteyden k\u00e4nnyk\u00e4ll\u00e4 ja ty\u00f6t sujuvat n\u00e4in mainiosti.<\/p>\n<p><a title=\"f_efosxh0si-frank-lanigan\" href=\"https:\/\/www.flickr.com\/photos\/pforma\/32565424562\/in\/dateposted-family\/\" data-flickr-embed=\"true\"><img loading=\"lazy\" decoding=\"async\" src=\"https:\/\/c1.staticflickr.com\/1\/483\/32565424562_13d3f39c39.jpg\" alt=\"f_efosxh0si-frank-lanigan\" width=\"500\" height=\"316\" \/><\/a><\/p>\n<p>Olen my\u00f6s ty\u00f6skennellyt ABC:lla, kirjaston lukusalissa ja uimahallin kahvilassa lasten futisharkkojen aikaan. Kaikki n\u00e4m\u00e4 ovat aivan loistavia ty\u00f6ymp\u00e4rist\u00f6j\u00e4 tunnin tai parin rupeamaan.<\/p>\n<p>Mutta en kyll\u00e4 koskaan ty\u00f6paikkani l\u00e4hist\u00f6ll\u00e4 menisi varta vasten kahvilaan ty\u00f6skentelem\u00e4\u00e4n, jos minulla olisi ty\u00f6paikalla ty\u00f6tilat tarjolla. Ehk\u00e4 t\u00e4m\u00e4 johtuu siit\u00e4, ett\u00e4 urbaani kahvilakulttuuri ei ole laajemmassa mitassa minun juttuni.<\/p>\n<h3>\u00a0Toimistolla en istu &#8221;koppikonttorissa&#8221;<\/h3>\n<p>Yksi paikka tehd\u00e4 t\u00f6it\u00e4 on tietenkin my\u00f6s toimisto.\u00a0Toimistolla ty\u00f6huoneeni sein\u00e4 k\u00e4yt\u00e4v\u00e4lle p\u00e4in on l\u00e4pin\u00e4kyv\u00e4\u00e4 lasia. En siten koe istuvani &#8221;koppikonttorissa&#8221;. Aamuisin moikkaan lasin l\u00e4pi t\u00f6ihin tulevia kollegoita.<\/p>\n<p>Ty\u00f6huoneessani pidet\u00e4\u00e4n paljon parin-kolmen-muutaman hengen kokouksia. Huoneeni lasiovi on yleens\u00e4 kiinni, koska k\u00e4yt\u00e4v\u00e4ll\u00e4 on jonkin verran trafiikkia. Ja tietenkin palaverin \u00e4\u00e4net saattavat h\u00e4irit\u00e4 muita l\u00e4hist\u00f6ll\u00e4 ty\u00f6skentelevi\u00e4.<\/p>\n<p>Viet\u00e4n ty\u00f6p\u00e4iv\u00e4st\u00e4ni keskim\u00e4\u00e4rin ehk\u00e4 tunnin tai kaksi omalla ty\u00f6pisteell\u00e4ni. Joskus minulla on pidempi &#8221;luova hetki&#8221; ty\u00f6p\u00f6yd\u00e4n \u00e4\u00e4ress\u00e4. Muun ajan olen palaverissa omassa huoneessani, toisessa kokoushuoneessa tai toimiston ulkopuolella.<\/p>\n<h3>Ty\u00f6 tulee kotiin<\/h3>\n<p>Teen et\u00e4ty\u00f6t\u00e4 harvoin, jos et\u00e4ty\u00f6 m\u00e4\u00e4ritell\u00e4\u00e4n niin, ett\u00e4 ty\u00f6skentelen koko p\u00e4iv\u00e4n muualla kuin toimistolla. T\u00e4m\u00e4 johtuu siit\u00e4, ett\u00e4 ty\u00f6p\u00e4iv\u00e4ni t\u00e4yttyv\u00e4t kokouksista. Pid\u00e4n kokonaisen et\u00e4p\u00e4iv\u00e4n korkeintaan kerran kuukaudessa.<\/p>\n<p>Kun pid\u00e4n et\u00e4p\u00e4iv\u00e4n, teen samoja t\u00f6it\u00e4 kuin muulloinkin, paitsi en istu palavereissa.\u00a0Toisinaan olen et\u00e4t\u00f6iss\u00e4 ollessani osallistunut kokouksiin Skypell\u00e4. Tekniikan toimiessa n\u00e4m\u00e4 kokoukset ovat olleet todella toimivia tehokkaita.<\/p>\n<blockquote><p>Itse en kotona pysty keskittym\u00e4\u00e4n sen paremmin tai huonommin kuin muuallakaan.<\/p><\/blockquote>\n<p>Monet sanovat, ett\u00e4 et\u00e4ty\u00f6 mahdollistaa tehokkaamman ja keskittyneemm\u00e4n ty\u00f6skentelyn (esimerkiksi kirjoittamisen) kuin toimistolla. Itse en kotona pysty keskittym\u00e4\u00e4n sen paremmin tai huonommin kuin muuallakaan. Toki <em>toimistokuukkelin<\/em> aiheuttamia keskeytyksi\u00e4 on kotona v\u00e4hemm\u00e4n. Keskeytykset kuitenkin p\u00e4\u00e4sev\u00e4t l\u00e4pi viestiv\u00e4lineiden kautta.<\/p>\n<blockquote><p>Et\u00e4ty\u00f6n suurimmat edut itselleni ovat, ett\u00e4 voin vied\u00e4 lapset kouluun ja tarhaan ja mahdollisesti nukkua hieman pidemp\u00e4\u00e4n kuin normiaamuna.<\/p><\/blockquote>\n<p>Toisinaan jatkan normaalia ty\u00f6p\u00e4iv\u00e4\u00e4 kotona junamatkan j\u00e4lkeen k\u00e4yden l\u00e4pi esimerkiksi s\u00e4hk\u00f6posteja.<\/p>\n<blockquote><p>Lapsiperheen arjen \u00e4\u00e4nten keskell\u00e4 ty\u00f6skentelev\u00e4lle monitilatoimiston pelis\u00e4\u00e4nt\u00f6keskustelu kuulostaa luksukselta.<\/p><\/blockquote>\n<p>Aivan illalla en tee t\u00f6it\u00e4, ellei ole ihan pakko esimerkiksi l\u00e4hestyv\u00e4n deadlinen takia. Ty\u00f6nteko my\u00f6h\u00e4\u00e4n illalla ei ole hyv\u00e4 unil\u00e4\u00e4ke.<\/p>\n<h3>Ty\u00f6skentelen melko paperittomasti<\/h3>\n<p>Vuosien varrella olen muuttanut ty\u00f6skentely\u00e4ni paperittomaan suuntaan. En juurikaan en\u00e4\u00e4 printtaile papereita, ellei sit\u00e4 ole pakko tehd\u00e4 esimerkiksi dokumentoinnin vuoksi. Luen muistioita ja raportteja s\u00e4hk\u00f6isesti. Kirjoja luen sek\u00e4 e-kirjoina, ett\u00e4 perinteisin\u00e4 kirjoina, miten niit\u00e4 onkaan saatavilla.<\/p>\n<p>Paperittomuus sopii hyvin t\u00f6ihini, koska ty\u00f6ni on suurimmaksi osaksi PowerPointtien ja Word-dokumenttien laatimista, s\u00e4hk\u00f6postittelua ja Skypell\u00e4 viestimist\u00e4. Ty\u00f6v\u00e4lineet ovat p\u00e4\u00e4s\u00e4\u00e4nt\u00f6isesti normi Office-pakettiin kuuluvia ohjelmia. Oman ty\u00f6n organisointiin k\u00e4yt\u00f6n <strong>Wunderlistia<\/strong>, joka on aivan huippu.<\/p>\n<p>Aivan viime aikoina olen huomannut, ett\u00e4 n\u00e4k\u00f6ni on heikentynyt niin, ett\u00e4 pienen l\u00e4pp\u00e4rin n\u00e4ytt\u00f6 ei ole oikein optimaalinen kaikkiin ty\u00f6teht\u00e4viin. Isoa n\u00e4ytt\u00f6\u00e4 ja &#8221;kunnon hiirt\u00e4&#8221; kaipaan my\u00f6s monimutkaisempien PowerPointtien rakentelemiseen. Sama n\u00e4k\u00f6\u00f6n liittyv\u00e4 vika lienee monella <strong>Rahikaisella<\/strong> ik\u00e4\u00e4ntymisen my\u00f6t\u00e4.<\/p>\n<blockquote><p>Sama n\u00e4k\u00f6\u00f6n liittyv\u00e4 vika lienee monella Rahikaisella ik\u00e4\u00e4ntymisen my\u00f6t\u00e4.<\/p><\/blockquote>\n<p>Voin my\u00f6s hyvin kuvitella, ett\u00e4 monissa t\u00f6iss\u00e4, joissa k\u00e4sitell\u00e4\u00e4n useita dokumentteja samanaikaisesti, on tarve ainakin yhdelle isolle n\u00e4yt\u00f6lle, ellei kahdelle. T\u00e4llainen ty\u00f6 ei liiku yht\u00e4 hyvin kuin oma ty\u00f6ni.<\/p>\n<p>Ty\u00f6skentelytavoista voi summeerata, ett\u00e4 &#8221;PowerPointin py\u00f6ritt\u00e4j\u00e4n&#8221; tai tekstin luojan ty\u00f6t\u00e4 on helppo tehd\u00e4 paperittomana l\u00e4pp\u00e4rikulkurina k\u00e4yt\u00e4nn\u00f6ss\u00e4 miss\u00e4 vain. Kaikki tietoty\u00f6 ei kuitenkaan ole t\u00e4llaista.<\/p>\n<h3>Lopuksi uhat ja mahdollisuudet<\/h3>\n<p>Alleviivaan viel\u00e4 sit\u00e4, ett\u00e4 edell\u00e4 olen pohdiskellut vain omaa suhdettani ty\u00f6ymp\u00e4rist\u00f6\u00f6n. Eri t\u00f6iss\u00e4 tarpeet ty\u00f6ymp\u00e4rist\u00f6lle ovat erilaiset. Eri ihmiset tarvitsevat ymp\u00e4rilleen tai l\u00e4helleen eri ihmisi\u00e4. Jokaisella on my\u00f6s omia yksil\u00f6llisi\u00e4 ty\u00f6tapoja. Omia ty\u00f6tapoja voi tietenkin kehitt\u00e4\u00e4.<\/p>\n<p>Kun ty\u00f6t\u00e4 tehd\u00e4\u00e4n monipaikkaisesti, monet hyvinvointiin liittyv\u00e4t asiat saattavat muodostua haasteeksi. Kun ty\u00f6t\u00e4 ei tehd\u00e4 samalla tavalla toimistolla kuin aikaisemmin:<\/p>\n<ul>\n<li>Ty\u00f6p\u00e4iv\u00e4n venyminen, ty\u00f6ntekij\u00e4n kuormittuminen ja mahdollisten ty\u00f6kykyongelmien havaitseminen saattaa olla esimiehelle haasteellisempaa.<\/li>\n<li>Ty\u00f6suorituksen valvominen on erilaista.<\/li>\n<li>Ergonomia ei v\u00e4ltt\u00e4m\u00e4tt\u00e4 ole huomion kohteena samalla tavalla kuin toimistolla.<\/li>\n<li>Et\u00e4t\u00f6iss\u00e4 ruokailut eiv\u00e4t ehk\u00e4 ole yht\u00e4 terveellisi\u00e4 kuin ty\u00f6paikalla. Monipuolinen lounas vaihtuu l\u00e4mmitettyyn pinaattilettuun.<\/li>\n<\/ul>\n<p>Kun ty\u00f6 irtautuu ajasta ja paikasta monenlaista hyvinvointiin liittyv\u00e4\u00e4 vastuuta liukuu helposti yksil\u00f6ille ja esimiesty\u00f6 muuttuu.<\/p>\n<p>Ty\u00f6ymp\u00e4rist\u00f6n kehitt\u00e4misell\u00e4 pyrit\u00e4\u00e4n tietenkin ty\u00f6olosuhteiden parantamiseen.<\/p>\n<blockquote><p>Uskon, ett\u00e4 hyvin suunnitellut ty\u00f6ymp\u00e4rist\u00f6n kehitt\u00e4misprojektit, joissa ty\u00f6n tekemisen erityispiirteet huomioidaan, johtavat niihin my\u00f6nteisiin lopputulemiin, joihin hankkeilla pyrit\u00e4\u00e4n.<\/p><\/blockquote>\n<p>Avainasemassa on hyvien erilaisiin ty\u00f6teht\u00e4viin sopivien ratkaisujen l\u00f6yt\u00e4minen. Toisinaan j\u00e4rjestelyt saattavat jo ollakin kunnossa, eik\u00e4 radikaaleja muutoksia tarvita.<\/p>\n<p>Ty\u00f6ymp\u00e4rist\u00f6n kehitt\u00e4miseen p\u00e4tee sama kuin digitalisaation aitoon hy\u00f6dynt\u00e4miseen. Ei kannata mietti\u00e4 miten tietty ty\u00f6 vied\u00e4\u00e4n uuteen ty\u00f6ymp\u00e4rist\u00f6\u00f6n. Kannattaa ajatella mink\u00e4lainen ty\u00f6ymp\u00e4rist\u00f6 tukee ty\u00f6n tekemist\u00e4 nykyist\u00e4 tapaa paremmin.<\/p>\n<p>Kuvat: <a href=\"https:\/\/unsplash.com\/\">Unsplash.com<\/a><\/p>\n<p>Edit: 6.2.2017 Korjattu kirjoitusvirheit\u00e4.<\/p>\n","protected":false},"excerpt":{"rendered":"<p>Tietoty\u00f6l\u00e4inen ty\u00f6skentelee kahvilassa. Keskustelu ty\u00f6ymp\u00e4rist\u00f6jen kehitt\u00e4misest\u00e4 k\u00e4y ty\u00f6paikoilla vilkkaana. Tavoitteena on tehostaa tilank\u00e4ytt\u00f6\u00e4, lis\u00e4t\u00e4 vuorovaikutusta ja etsi\u00e4 parhaiten ty\u00f6ntekoa tukevia ty\u00f6ymp\u00e4rist\u00f6j\u00e4. Ty\u00f6ymp\u00e4rist\u00f6jen \u00a0muutosprojektit onnistuvat urbaanien legendojen perusteella eri tavoin, aiheeseen liittyy suuria tunteita ja tutkimustuloksistakin voi poimia erilaisia johtop\u00e4\u00e4t\u00f6ksi\u00e4 tukemaan eri n\u00e4k\u00f6kantoja asiaan. Olen kirjoittanut teemasta aikaisemminkin t\u00e4\u00e4ll\u00e4. Kirjoitus on edelleen yksi viikoittain luetuimpia kirjoituksiani. &hellip; <\/p>\n<p class=\"link-more\"><a href=\"https:\/\/www.pauliforma.fi\/rantaradanvarrelta\/tyoymparisto\/\" class=\"more-link\">Jatka lukemista<span class=\"screen-reader-text\"> &#8221;Minun ty\u00f6ymp\u00e4rist\u00f6ni&#8221;<\/span><\/a><\/p>\n","protected":false},"author":1,"featured_media":0,"comment_status":"open","ping_status":"closed","sticky":false,"template":"","format":"standard","meta":{"_monsterinsights_skip_tracking":false,"_monsterinsights_sitenote_active":false,"_monsterinsights_sitenote_note":"","_monsterinsights_sitenote_category":0,"footnotes":""},"categories":[22],"tags":[14,30,17,25,29],"class_list":["post-1320","post","type-post","status-publish","format-standard","hentry","category-artikkelit","tag-digitaalisuus","tag-tyo","tag-tyoelama","tag-tyohyvinvointi","tag-tyoymparisto"],"aioseo_notices":[],"_links":{"self":[{"href":"https:\/\/www.pauliforma.fi\/rantaradanvarrelta\/wp-json\/wp\/v2\/posts\/1320","targetHints":{"allow":["GET"]}}],"collection":[{"href":"https:\/\/www.pauliforma.fi\/rantaradanvarrelta\/wp-json\/wp\/v2\/posts"}],"about":[{"href":"https:\/\/www.pauliforma.fi\/rantaradanvarrelta\/wp-json\/wp\/v2\/types\/post"}],"author":[{"embeddable":true,"href":"https:\/\/www.pauliforma.fi\/rantaradanvarrelta\/wp-json\/wp\/v2\/users\/1"}],"replies":[{"embeddable":true,"href":"https:\/\/www.pauliforma.fi\/rantaradanvarrelta\/wp-json\/wp\/v2\/comments?post=1320"}],"version-history":[{"count":14,"href":"https:\/\/www.pauliforma.fi\/rantaradanvarrelta\/wp-json\/wp\/v2\/posts\/1320\/revisions"}],"predecessor-version":[{"id":1334,"href":"https:\/\/www.pauliforma.fi\/rantaradanvarrelta\/wp-json\/wp\/v2\/posts\/1320\/revisions\/1334"}],"wp:attachment":[{"href":"https:\/\/www.pauliforma.fi\/rantaradanvarrelta\/wp-json\/wp\/v2\/media?parent=1320"}],"wp:term":[{"taxonomy":"category","embeddable":true,"href":"https:\/\/www.pauliforma.fi\/rantaradanvarrelta\/wp-json\/wp\/v2\/categories?post=1320"},{"taxonomy":"post_tag","embeddable":true,"href":"https:\/\/www.pauliforma.fi\/rantaradanvarrelta\/wp-json\/wp\/v2\/tags?post=1320"}],"curies":[{"name":"wp","href":"https:\/\/api.w.org\/{rel}","templated":true}]}}