{"id":2342,"date":"2020-09-12T15:29:00","date_gmt":"2020-09-12T12:29:00","guid":{"rendered":"https:\/\/www.pauliforma.fi\/rantaradanvarrelta\/?p=2342"},"modified":"2020-09-13T09:34:43","modified_gmt":"2020-09-13T06:34:43","slug":"pullinen","status":"publish","type":"post","link":"https:\/\/www.pauliforma.fi\/rantaradanvarrelta\/pullinen\/","title":{"rendered":"Jussi Pullinen: Mit\u00e4 meille tapahtui?"},"content":{"rendered":"<p><a title=\"pullinen2\" href=\"https:\/\/www.flickr.com\/photos\/pforma\/50333571992\/in\/dateposted-family\/\" data-flickr-embed=\"true\"><img loading=\"lazy\" decoding=\"async\" class=\"aligncenter\" src=\"https:\/\/live.staticflickr.com\/65535\/50333571992_a7bf852168_o.jpg\" alt=\"pullinen2\" width=\"201\" height=\"285\" \/><\/a><\/p>\n<p>Koska maailman meno kiinnostaa, otin jossain vaiheessa lukulistalle <strong>Jussi Pullisen<\/strong> kirjan <em>Mit\u00e4 meille tapahtui<\/em>?<\/p>\n<p><span style=\"display: inline !important; float: none; background-color: transparent; color: #333333; cursor: text; font-family: 'Libre Franklin','Helvetica Neue',helvetica,arial,sans-serif; font-size: 16px; font-style: normal; font-variant: normal; font-weight: 400; letter-spacing: normal; orphans: 2; text-align: left; text-decoration: none; text-indent: 0px; text-transform: none; -webkit-text-stroke-width: 0px; white-space: normal; word-spacing: 0px;\">Kirja k\u00e4sittelee somea, interneti\u00e4 ja digitaalisuutta. Taustaksi Pullinen k\u00e4y l\u00e4pi internetin historiaa. Tuttua tarinaa ja mieleeni tulivat mm. laajat tietotekniikkamessut Kankaanp\u00e4\u00e4ss\u00e4, jossa vierailin kaverini <\/span><strong>Timon<\/strong><span style=\"display: inline !important; float: none; background-color: transparent; color: #333333; cursor: text; font-family: 'Libre Franklin','Helvetica Neue',helvetica,arial,sans-serif; font-size: 16px; font-style: normal; font-variant: normal; font-weight: 400; letter-spacing: normal; orphans: 2; text-align: left; text-decoration: none; text-indent: 0px; text-transform: none; -webkit-text-stroke-width: 0px; white-space: normal; word-spacing: 0px;\"> kanssa katselemassa esimerkiksi <\/span><strong>Applen<\/strong><span style=\"display: inline !important; float: none; background-color: transparent; color: #333333; cursor: text; font-family: 'Libre Franklin','Helvetica Neue',helvetica,arial,sans-serif; font-size: 16px; font-style: normal; font-variant: normal; font-weight: 400; letter-spacing: normal; orphans: 2; text-align: left; text-decoration: none; text-indent: 0px; text-transform: none; -webkit-text-stroke-width: 0px; white-space: normal; word-spacing: 0px;\"> sen ajan tuotteita.<\/span><\/p>\n<p>Pullinen toimii t\u00e4ll\u00e4 hetkell\u00e4 Helsingin Sanomien politiikan toimituksen esimiehen\u00e4 ja on siis toimittaja. Lis\u00e4ksi h\u00e4n on toiminut <strong>Tampereen yliopiston<\/strong> journalistiikan vierailevana professorina. T\u00e4m\u00e4 professuuri ei k\u00e4sitt\u00e4\u00e4kseni vaadi professorin p\u00e4tevyytt\u00e4, eli teht\u00e4v\u00e4 vertautuu ty\u00f6el\u00e4m\u00e4professoreihin. Ei siin\u00e4 mit\u00e4\u00e4n, monet ty\u00f6el\u00e4m\u00e4professorit ovat oikein fiksuja ihmisi\u00e4.<\/p>\n<p>Kirjassa k\u00e4yd\u00e4\u00e4n l\u00e4pi kaikki mahdolliset ajan ilmi\u00f6t, liittyen vihapuheeseen, kupliin, kohuihin, selfie-kulttuuriin, meemeihin, heimoontumiseen, valeuutisiin, vaalivaikuttamiseen, #metoo-liikkeeseen, alustatalouteen, datatalouteen ja teknologian avulla tapahtuvaan valvontaan.<\/p>\n<p>Kirjan pulmana on se, ett\u00e4 jos on seurannut aikaansa viime vuosina ja vuosikymmenin\u00e4, kirjassa ei ole mit\u00e4\u00e4n uutta. Kirja ei analysoi, j\u00e4senn\u00e4 eik\u00e4 syvenn\u00e4 juuri mit\u00e4\u00e4n k\u00e4sittelem\u00e4ss\u00e4\u00e4n aihepiiriss\u00e4.<\/p>\n<p>Kirja on raportoiva. Jos teoksen alussa olisi jonkinlaista teoreettista kysymyksenasettelua, johon sitten olisi my\u00f6hemmiss\u00e4 kappaleissa pyritty vastaamaan, olisi kirja ollut j\u00e4ntev\u00e4mpi luettava. Nyt kirja on p\u00f6tk\u00f6 eri teemoja k\u00e4sittelevi\u00e4 kappaleita. Tutkimuksiin kuitenkin viitataan, mutta tieteellisen kirjoittamisen &#8221;j\u00e4nnite&#8221; (kysymyksenasettelu ja vastaukset) puuttuu.<\/p>\n<p>Jotain kiinnostavaa kirjassa sent\u00e4\u00e4n oli. Oli kiinnostavaa lukea hymi\u00f6iden ja emojien historiasta. Hymi\u00f6t kehitettiin jo 1980-luvulla :-D!<\/p>\n<p>Lis\u00e4ksi oli kiinnostavaa lukea &#8221;netspeakista&#8221;. Eli se on ep\u00e4muodollinen tapa ilmaista itse\u00e4\u00e4n kirjallisesti verkossa. Er\u00e4\u00e4nlainen puhutun ja kirjoitetun kielen v\u00e4limuoto. Kieliopista ei ole niin v\u00e4li\u00e4, eiv\u00e4tk\u00e4 lauseet ole t\u00e4ydellisi\u00e4. V\u00e4limerkit nousevat arvoon arvaamattomaan. On esimerkiksi tyly\u00e4 lopettaa viesti WhatsAppissa pisteeseen. Kolmella pisteell\u00e4 on mahdollista lis\u00e4t\u00e4 dramatiikkaa&#8230;. Ja niin edelleen.<\/p>\n<p>Eli ei niin antoisa lukukokemus, mutta suoritin kirjan loppuun.\u00a0 Jos et ole tietoinen edell\u00e4 mainituista aihealueista, kirja on kattava yleisesitys viime vuosien tapahtumiin internetiss\u00e4 ja sosiaalisessa mediassa.<\/p>\n<p>N\u00e4ill\u00e4 puheilla siirryn seuraavaan kirjaan. Kirjasyksy on oikein antoisa, sill\u00e4 Suomessa on julkaistu kaksi uutta j\u00e4\u00e4kiekkokirjaa ja kaksi kirjaa <strong>Matti Nyk\u00e4sest\u00e4<\/strong>! N\u00e4ihin palataan.<\/p>\n","protected":false},"excerpt":{"rendered":"<p>Koska maailman meno kiinnostaa, otin jossain vaiheessa lukulistalle Jussi Pullisen kirjan Mit\u00e4 meille tapahtui? Kirja k\u00e4sittelee somea, interneti\u00e4 ja digitaalisuutta. Taustaksi Pullinen k\u00e4y l\u00e4pi internetin historiaa. Tuttua tarinaa ja mieleeni tulivat mm. laajat tietotekniikkamessut Kankaanp\u00e4\u00e4ss\u00e4, jossa vierailin kaverini Timon kanssa katselemassa esimerkiksi Applen sen ajan tuotteita. Pullinen toimii t\u00e4ll\u00e4 hetkell\u00e4 Helsingin Sanomien politiikan toimituksen esimiehen\u00e4 &hellip; <\/p>\n<p class=\"link-more\"><a href=\"https:\/\/www.pauliforma.fi\/rantaradanvarrelta\/pullinen\/\" class=\"more-link\">Jatka lukemista<span class=\"screen-reader-text\"> &#8221;Jussi Pullinen: Mit\u00e4 meille tapahtui?&#8221;<\/span><\/a><\/p>\n","protected":false},"author":1,"featured_media":0,"comment_status":"open","ping_status":"closed","sticky":false,"template":"","format":"standard","meta":{"_monsterinsights_skip_tracking":false,"_monsterinsights_sitenote_active":false,"_monsterinsights_sitenote_note":"","_monsterinsights_sitenote_category":0,"footnotes":""},"categories":[1],"tags":[35,68,4],"class_list":["post-2342","post","type-post","status-publish","format-standard","hentry","category-kirjat","tag-digitalisaatio","tag-internet","tag-kirjat"],"aioseo_notices":[],"_links":{"self":[{"href":"https:\/\/www.pauliforma.fi\/rantaradanvarrelta\/wp-json\/wp\/v2\/posts\/2342","targetHints":{"allow":["GET"]}}],"collection":[{"href":"https:\/\/www.pauliforma.fi\/rantaradanvarrelta\/wp-json\/wp\/v2\/posts"}],"about":[{"href":"https:\/\/www.pauliforma.fi\/rantaradanvarrelta\/wp-json\/wp\/v2\/types\/post"}],"author":[{"embeddable":true,"href":"https:\/\/www.pauliforma.fi\/rantaradanvarrelta\/wp-json\/wp\/v2\/users\/1"}],"replies":[{"embeddable":true,"href":"https:\/\/www.pauliforma.fi\/rantaradanvarrelta\/wp-json\/wp\/v2\/comments?post=2342"}],"version-history":[{"count":5,"href":"https:\/\/www.pauliforma.fi\/rantaradanvarrelta\/wp-json\/wp\/v2\/posts\/2342\/revisions"}],"predecessor-version":[{"id":2347,"href":"https:\/\/www.pauliforma.fi\/rantaradanvarrelta\/wp-json\/wp\/v2\/posts\/2342\/revisions\/2347"}],"wp:attachment":[{"href":"https:\/\/www.pauliforma.fi\/rantaradanvarrelta\/wp-json\/wp\/v2\/media?parent=2342"}],"wp:term":[{"taxonomy":"category","embeddable":true,"href":"https:\/\/www.pauliforma.fi\/rantaradanvarrelta\/wp-json\/wp\/v2\/categories?post=2342"},{"taxonomy":"post_tag","embeddable":true,"href":"https:\/\/www.pauliforma.fi\/rantaradanvarrelta\/wp-json\/wp\/v2\/tags?post=2342"}],"curies":[{"name":"wp","href":"https:\/\/api.w.org\/{rel}","templated":true}]}}