{"id":2862,"date":"2025-01-19T11:27:55","date_gmt":"2025-01-19T09:27:55","guid":{"rendered":"https:\/\/www.pauliforma.fi\/rantaradanvarrelta\/?p=2862"},"modified":"2025-01-19T11:32:10","modified_gmt":"2025-01-19T09:32:10","slug":"viime-aikoina-luettuja-kirjoja-2","status":"publish","type":"post","link":"https:\/\/www.pauliforma.fi\/rantaradanvarrelta\/viime-aikoina-luettuja-kirjoja-2\/","title":{"rendered":"Vuonna 2024 luettuja kirjoja"},"content":{"rendered":"<p>Olen viime aikoina kirjoittanut kirjaesittelyj\u00e4 ammattikirjoista l\u00e4hinn\u00e4 LinkedInin puolelle. J\u00e4nn\u00e4 havainto on se, ett\u00e4 lukemani ty\u00f6h\u00f6n liittyv\u00e4t kirjat ovat pitk\u00e4lti psykologien kirjoittamia.<\/p>\n<p>Toinen muutos on se, ett\u00e4 en ole en\u00e4\u00e4 l\u00f6yt\u00e4nyt motivaatiota ja aikaa kirjoitella laajoja esittelyj\u00e4 muista kirjoista kuin n\u00e4ist\u00e4 valikoiduista ty\u00f6h\u00f6n liittyvist\u00e4 kirjoista. T\u00e4ss\u00e4 postauksessa kokeilen uutta avausta ja kirjoitan koostusti pienet kommentit viime aikoina luetuista kirjoista.<\/p>\n<p>Lukemisesta on itselleni tullut sill\u00e4 tavalla rutiinia, ett\u00e4 tapanani on, ett\u00e4 koko ajan on ainakin yksi kirja luvun alla. Luen jotakin kirjaa noin tunnin verran ennen nukkumista. Toisinaan minulla on joku (tylsempi) kirja meneill\u00e4\u00e4n ja luen siin\u00e4 v\u00e4liss\u00e4 jonkun ajankohtaisen tai mielenkiintoisemmalta tuntuvan.<\/p>\n<p>\u00c4\u00e4nikirjoja en ole oppinut kuuntelemaan. Yht\u00e4 kirjaa yritin, mutta se ei tuntunut mielekk\u00e4\u00e4lt\u00e4. Sen sijaan kuuntelen podcasteja, mutta se on toinen juttu.<\/p>\n<p>En edelleenk\u00e4\u00e4n oikein ole oppinut lukemaan muuta kuin tietokirjoja. Vaikka tied\u00e4n, ett\u00e4 olisi monella tavalla hyv\u00e4ksi lukea kaunokirjallisuutta.<\/p>\n<p>Ohessa siis muutama sana viime aikoina luetuista kirjoista. Mukana my\u00f6s ne ty\u00f6h\u00f6n liittyv\u00e4t kirjat, joista on laajempi esittely LinkedIniss\u00e4.<\/p>\n<p><a title=\"liene\" href=\"https:\/\/www.flickr.com\/photos\/pforma\/54274808394\/in\/dateposted-family\/\" data-flickr-embed=\"true\"><img loading=\"lazy\" decoding=\"async\" src=\"https:\/\/live.staticflickr.com\/65535\/54274808394_550ae2c01d_n.jpg\" alt=\"liene\" width=\"207\" height=\"320\" \/><\/a><script async src=\"\/\/embedr.flickr.com\/assets\/client-code.js\" charset=\"utf-8\"><\/script><\/p>\n<p><strong>Timo Liene: Irtoviiksimies. Suomen mies 2018.<\/strong><\/p>\n<p>Mielenkiintoinen ja mukaansatempaava kirja suomalaisesta upseerista ja tiedustelumiehest\u00e4, joka kuoli sy\u00f6p\u00e4\u00e4n 47-vuotiaana. Ehti ty\u00f6ss\u00e4\u00e4n ja el\u00e4m\u00e4ss\u00e4\u00e4n monenlaista, palveli komennuksella mm. Afganistanissa. Sinnik\u00e4s ja aikaansaapa. Tiemme ristesiv\u00e4t armeijaan liittyviss\u00e4 asioissa. Kirjan painos myytiin loppuun, mutta siit\u00e4 on hiljattain otettu uusi painos.<\/p>\n<p><a title=\"kupila\" href=\"https:\/\/www.flickr.com\/photos\/pforma\/54274805233\/in\/dateposted-family\/\" data-flickr-embed=\"true\"><img loading=\"lazy\" decoding=\"async\" src=\"https:\/\/live.staticflickr.com\/65535\/54274805233_e7e9af5520_n.jpg\" alt=\"kupila\" width=\"224\" height=\"320\" \/><\/a><script async src=\"\/\/embedr.flickr.com\/assets\/client-code.js\" charset=\"utf-8\"><\/script><\/p>\n<p><strong>Jari Kupila: Kun mitalitoivot ampuivat toisiaan. Minerva 2023.<\/strong><\/p>\n<p>Mielenkiintoinen n\u00e4k\u00f6kulma Suomen sis\u00e4llissotaan. Urheilijat olivat fyysisen kuntonsa vuoksi arvokkaita taistelijoita sek\u00e4 valkoisten ett\u00e4 punaisten puolella. Urheiluseurat olivat organisoituneita liikkeit\u00e4, joista oli helppo konvertoida urheilijoita sotilaista. Sis\u00e4llissota jakoi urheilumaailmaa entist\u00e4 enemm\u00e4n kahtia joka n\u00e4kyi pitk\u00e4\u00e4n TUL:isena ja SVUL:ilaisena leirin\u00e4. Kirja sis\u00e4lsi seikkaper\u00e4isi\u00e4 selostuksia taisteluista ja yksitt\u00e4isten urheilijoiden kohtaloista. Nykyp\u00e4iv\u00e4st\u00e4 tuttuja nimi\u00e4 esiintyy paljon (sis\u00e4llis)sodan hulluus tulee hyvin esille.<\/p>\n<p><a title=\"siskin\" href=\"https:\/\/www.flickr.com\/photos\/pforma\/54273677267\/in\/dateposted-family\/\" data-flickr-embed=\"true\"><img loading=\"lazy\" decoding=\"async\" src=\"https:\/\/live.staticflickr.com\/65535\/54273677267_8f7449c3fc_n.jpg\" alt=\"siskin\" width=\"198\" height=\"320\" \/><\/a><script async src=\"\/\/embedr.flickr.com\/assets\/client-code.js\" charset=\"utf-8\"><\/script><\/p>\n<p><strong>Mikhail Shiskin: Sota vai rauha &#8211; kirjoituksia Ven\u00e4j\u00e4st\u00e4 ja l\u00e4nnest\u00e4. WSOY 2023.\u00a0<\/strong><\/p>\n<p>Yksi monista Ven\u00e4j\u00e4\u00e4 k\u00e4sittelevist\u00e4 kirjoista. N\u00e4it\u00e4 on tullut luettuja niin monta, ett\u00e4 kirjoja on vaikea erottaa toisistaan ja ik\u00e4v\u00e4t perusasiat ovat jo riitt\u00e4v\u00e4n kirkkaina mieless\u00e4.<\/p>\n<p><a title=\"tolli\" href=\"https:\/\/www.flickr.com\/photos\/pforma\/54274556171\/in\/dateposted-family\/\" data-flickr-embed=\"true\"><img loading=\"lazy\" decoding=\"async\" src=\"https:\/\/live.staticflickr.com\/65535\/54274556171_e35f684e61_n.jpg\" alt=\"tolli\" width=\"197\" height=\"320\" \/><\/a><script async src=\"\/\/embedr.flickr.com\/assets\/client-code.js\" charset=\"utf-8\"><\/script><\/p>\n<p><strong>Pekka T\u00f6lli: Min\u00e4 n\u00e4en Sinut &#8211; arvostuksen psykologiaa. Tammi 2024.\u00a0<\/strong><\/p>\n<p>Hyv\u00e4 kirja arvostuksen ja kohtaamisen merkityksest\u00e4 ty\u00f6el\u00e4m\u00e4ss\u00e4 ja ty\u00f6yhteis\u00f6ss\u00e4. T\u00f6lli on tehnyt mielenkiintoisen uran toimiessaan aikaisemmin pankkialalla ja konsulttina ja nyt psykologina. Kirjassa arvostus m\u00e4\u00e4ritet\u00e4\u00e4n mm. n\u00e4in: \u201dArvostetuksi tullessaan ihminen kokee, ett\u00e4 h\u00e4net n\u00e4hd\u00e4\u00e4n, h\u00e4nt\u00e4 ymm\u00e4rret\u00e4\u00e4n, h\u00e4net hyv\u00e4ksyt\u00e4\u00e4n ja ett\u00e4 h\u00e4nen ajatuksiaan, tunteitaan ja tarpeitaan kunnioitetaan.\u201d Laajempi esittely <a href=\"https:\/\/www.linkedin.com\/pulse\/hieno-kirja-arvostuksesta-pauli-forma-hnhtf\/\">t\u00e4\u00e4ll\u00e4<\/a>.<\/p>\n<p><a title=\"lange\" href=\"https:\/\/www.flickr.com\/photos\/pforma\/54273677307\/in\/dateposted-family\/\" data-flickr-embed=\"true\"><img loading=\"lazy\" decoding=\"async\" src=\"https:\/\/live.staticflickr.com\/65535\/54273677307_f30b11a097_n.jpg\" alt=\"lange\" width=\"229\" height=\"320\" \/><\/a><script async src=\"\/\/embedr.flickr.com\/assets\/client-code.js\" charset=\"utf-8\"><\/script><\/p>\n<p><strong>Ilona Rauhala, Ira Lange, Kimmo K\u00e4\u00e4ri\u00e4 ja Iikka Virkkunen: Yhteys. Avain johtamiseen. Alma Talent 2024.<\/strong><\/p>\n<p>Moniammatillisen kirjoittajajoukon hyv\u00e4 kirja. Tiimiss\u00e4 on mukana psykologi, teologi, ekonomi ja tekniikan tohtori. Yhteytt\u00e4 sanotaan teoksessa tutkittavan ihmisten v\u00e4lisen\u00e4 syv\u00e4n\u00e4 tarpeena ja kokemuksena: tulenko ymm\u00e4rretyksi, hyv\u00e4ksytyksi ja kuulluksi sellaisena kuin olen? Voinko olla turvassa vai pit\u00e4\u00e4k\u00f6 minun pel\u00e4t\u00e4? Laajempi esittely <a href=\"https:\/\/www.linkedin.com\/pulse\/yhteyden-ytimess%C3%A4-pauli-forma-9iu8f\/\">t\u00e4\u00e4ll\u00e4<\/a>.<\/p>\n<p><a title=\"maki\" href=\"https:\/\/www.flickr.com\/photos\/pforma\/54274808389\/in\/dateposted-family\/\" data-flickr-embed=\"true\"><img loading=\"lazy\" decoding=\"async\" src=\"https:\/\/live.staticflickr.com\/65535\/54274808389_791618a07e_n.jpg\" alt=\"maki\" width=\"246\" height=\"320\" \/><\/a><script async src=\"\/\/embedr.flickr.com\/assets\/client-code.js\" charset=\"utf-8\"><\/script><\/p>\n<p><strong>Annastiina M\u00e4ki ja Kimmo M\u00e4ki. Johtamiskohtaamisten aallokossa. Professional Publishing 2024.<\/strong><\/p>\n<p>Kirjan perusajatus on siis tarkastella asiantuntijoiden ty\u00f6orientaatioita ja l\u00e4hijohtajien johtamisorientaatioita sek\u00e4 n\u00e4iden yhdistelmi\u00e4. Kirjassa on my\u00f6s hyv\u00e4 jakso ty\u00f6kulttuureista. \u201dIndividualistisessa ty\u00f6kulttuurissa\u201d ammattilaiset ty\u00f6skentelev\u00e4t erill\u00e4\u00e4n. \u201dTeenn\u00e4isen kollegiaalisuuden ty\u00f6kulttuurissa\u201d yhteis\u00f6llisyys on enemm\u00e4n tai v\u00e4hemm\u00e4n pakotettua. \u201dMarkkinakulttuurissa\u201d perustana on kilpailullisuus ja oman organisaation ulkopuolelle suuntautuva toiminta. Laajempi esittely <a href=\"https:\/\/www.linkedin.com\/pulse\/johtamiskohtaamisten-aallokossa-pauli-forma-ss7lf\/\">t\u00e4\u00e4ll\u00e4<\/a>.<\/p>\n<p><a title=\"luukka\" href=\"https:\/\/www.flickr.com\/photos\/pforma\/54274805218\/in\/dateposted-family\/\" data-flickr-embed=\"true\"><img loading=\"lazy\" decoding=\"async\" src=\"https:\/\/live.staticflickr.com\/65535\/54274805218_cb388bc59d_n.jpg\" alt=\"luukka\" width=\"200\" height=\"281\" \/><\/a><script async src=\"\/\/embedr.flickr.com\/assets\/client-code.js\" charset=\"utf-8\"><\/script><\/p>\n<p><strong>Panu Luukka. Tulevaisuuskyvyk\u00e4s organisaatio. Alma Talent 2024.\u00a0<\/strong><\/p>\n<p>Panu Luukka on kokenut yrityskulttuurin asiantuntija ja kehitt\u00e4j\u00e4. H\u00e4n on kirjoittanut varmastikin kuuluisimman suomalaisen yrityskulttuuria k\u00e4sittelev\u00e4n kirjan &#8221;Yrityskulttuuri on kuningas&#8221;. Kirja on kokeneen ty\u00f6el\u00e4m\u00e4n kehitt\u00e4j\u00e4n ja organisaatiokulttuurin pitk\u00e4n linjan asiantuntijan kirja yrityksen ja organisaation kenties kaikkein t\u00e4rkeimm\u00e4st\u00e4 asiasta: miten organisaatio s\u00e4ilyy, p\u00e4rj\u00e4\u00e4, menestyy muuttuvassa toimintaymp\u00e4rist\u00f6ss\u00e4. Laajempi esittely <a href=\"https:\/\/www.linkedin.com\/pulse\/kyvykk%C3%A4%C3%A4sti-tulevaisuuteen-pauli-forma-kzznf\/\">t\u00e4\u00e4ll\u00e4<\/a>.<\/p>\n<p><a title=\"aatsalo\" href=\"https:\/\/www.flickr.com\/photos\/pforma\/54274805313\/in\/dateposted-family\/\" data-flickr-embed=\"true\"><img loading=\"lazy\" decoding=\"async\" src=\"https:\/\/live.staticflickr.com\/65535\/54274805313_671fcb54b1_n.jpg\" alt=\"aatsalo\" width=\"200\" height=\"317\" \/><\/a><script async src=\"\/\/embedr.flickr.com\/assets\/client-code.js\" charset=\"utf-8\"><\/script><\/p>\n<p><strong>Leena Aatsalo: Paljastus &#8211; tarina dopinguutisesta ja toimittajasta, joka haluttiin vaientaa. WSOY 2024.\u00a0<\/strong><\/p>\n<p>Kuka muistaa Lahden kisoissa vuonna 2001 tapahtuneen doping-skandaalin? Kirja kertoo kuitenkin aikaisemmasta ja pienemm\u00e4st\u00e4 tapauksesta, eli hiiht\u00e4j\u00e4 Jari R\u00e4s\u00e4sen kasvuhormonien k\u00e4ytt\u00f6\u00f6n liittyv\u00e4st\u00e4 casesta vuonna 1998. Aatsalo oli toimittaja, joka paljasti R\u00e4s\u00e4sen jutun. Kirja kertoo asian selvittelyst\u00e4 julkisessa keskustelussa ja oikeudenk\u00e4ynniss\u00e4. Vaikka nykyisenkaltaista sosiaalisen median apparaattia ei tuolloin ollutkaan, Aatsalo sai my\u00f6s paljon rankkaa henkil\u00f6kohtaista palautetta. Kirjasta v\u00e4littyy jyr\u00e4n alle j\u00e4\u00e4misen kokemus ja urheilupiirien peittelynhaluinen eltaantuneisuus.<\/p>\n<p><a title=\"kaihko\" href=\"https:\/\/www.flickr.com\/photos\/pforma\/54274805278\/in\/dateposted-family\/\" data-flickr-embed=\"true\"><img loading=\"lazy\" decoding=\"async\" src=\"https:\/\/live.staticflickr.com\/65535\/54274805278_6c94e0db9d_n.jpg\" alt=\"kaihko\" width=\"200\" height=\"294\" \/><\/a><script async src=\"\/\/embedr.flickr.com\/assets\/client-code.js\" charset=\"utf-8\"><\/script><\/p>\n<p><strong>Ilmari K\u00e4ihk\u00f6 ja Tuomas Rimpil\u00e4inen: Sotilaan p\u00e4iv\u00e4kirja, kuinka rauhanturvaaminen muuttui kriisinhallinnaksi. Gaudeamus 2024.<\/strong><\/p>\n<p>Ukrainan sodan vuoksi paljon julkisuudessa olevan Ilmari K\u00e4ihk\u00f6n kirja Tsadin kriisinhallintaoperaation tiimoilta, Kirja nousi julkisuuteen, koska siin\u00e4 nostettiin esiin Puolustusvoimien &#8221;tunkkaista ja asiatonta&#8221; ilmapiiri\u00e4 liittyen esimerkiksi rasismiin. Itse kirja oli minusta v\u00e4h\u00e4n tyls\u00e4, mutta sin\u00e4ll\u00e4\u00e4n tylsyyskin varmasti kuvaa realistisesti kriisinhallintaa, sen rutiineja ja dynamiikkaa.<\/p>\n<p><a title=\"halminen\" href=\"https:\/\/www.flickr.com\/photos\/pforma\/54274986695\/in\/dateposted-family\/\" data-flickr-embed=\"true\"><img loading=\"lazy\" decoding=\"async\" src=\"https:\/\/live.staticflickr.com\/65535\/54274986695_e07eaf8fc4_n.jpg\" alt=\"halminen\" width=\"200\" height=\"318\" \/><\/a><script async src=\"\/\/embedr.flickr.com\/assets\/client-code.js\" charset=\"utf-8\"><\/script><\/p>\n<p><strong>Laura Halminen: Martti J. Kari: K\u00e4sikirjoitukset eiv\u00e4 pala. Docendo<\/strong> 2024.<\/p>\n<p>Todella hyv\u00e4 kirja edesmenneest\u00e4 <strong>Martti J. Karista<\/strong>, &#8221;Marasta&#8221;, jonka itsekin tapasin er\u00e4\u00e4ss\u00e4 koulutuksessa. Kirja kertoo monipuolisesti Maran t\u00f6ist\u00e4 ja teht\u00e4vist\u00e4. Edell\u00e4 mainitun Timo Lienen tavoin Mara sai aikaan paljon teht\u00e4viss\u00e4\u00e4n eri puolilla maailmaa ja oli mukana kehitt\u00e4m\u00e4ss\u00e4 tiedustelualaa Suomessa. H\u00e4n nousi suuren yleis\u00f6n tietoisuuteen viimeist\u00e4\u00e4n Ukrainan sodan alla Youtubessa julkaistun Jyv\u00e4skyl\u00e4n yliopistossa Ven\u00e4j\u00e4n kehityst\u00e4 ja kulttuuria pitk\u00e4ll\u00e4 j\u00e4nteell\u00e4 tarkastelleen luennon my\u00f6t\u00e4.<\/p>\n<p><a title=\"mattinen\" href=\"https:\/\/www.flickr.com\/photos\/pforma\/54273677292\/in\/dateposted-family\/\" data-flickr-embed=\"true\"><img loading=\"lazy\" decoding=\"async\" src=\"https:\/\/live.staticflickr.com\/65535\/54273677292_344a77db29_n.jpg\" alt=\"mattinen\" width=\"200\" height=\"284\" \/><\/a><script async src=\"\/\/embedr.flickr.com\/assets\/client-code.js\" charset=\"utf-8\"><\/script><\/p>\n<p><strong>Mikko Mattinen: Mist\u00e4 kasvua? Opas digiajan johtajalle. Alma Talent 2019.\u00a0<\/strong><\/p>\n<p>Kirja muutaman vuoden takaa, mutta niin ajankohtainen! Kasvusta on kysymys. Mattinen k\u00e4y l\u00e4pi kasvun ajureita ja yrityksess\u00e4 sovellettavia menetelmi\u00e4 ja ty\u00f6skentelytapoja. Kirja antaa paljon konkreettisia ev\u00e4it\u00e4 ollen my\u00f6s varsin laaja-alainen.<\/p>\n<p><a title=\"vaananen\" href=\"https:\/\/www.flickr.com\/photos\/pforma\/54274808324\/in\/dateposted-family\/\" data-flickr-embed=\"true\"><img loading=\"lazy\" decoding=\"async\" src=\"https:\/\/live.staticflickr.com\/65535\/54274808324_d0be6d6275_n.jpg\" alt=\"vaananen\" width=\"200\" height=\"300\" \/><\/a><script async src=\"\/\/embedr.flickr.com\/assets\/client-code.js\" charset=\"utf-8\"><\/script><\/p>\n<p><strong>The Rise of Mental Vulnerability at Work: A Socio-Historical and Cultural Analysis. Policy Press. 2024.\u00a0<\/strong><\/p>\n<p>Ehk\u00e4 t\u00e4rkein kirja mielenterveydest\u00e4 ja ty\u00f6el\u00e4m\u00e4n muutoksesta, mit\u00e4 on viime vuosina kirjoitettu. Keskeinen k\u00e4site kirjassa on psyykkinen haavoittuvuus ja sen nousu. Mielest\u00e4 ja sen terveydest\u00e4 on tullut yh\u00e4 t\u00e4rkempi asia sen n\u00e4k\u00f6kulmasta, miten p\u00e4rj\u00e4\u00e4mme nykyp\u00e4iv\u00e4n ty\u00f6el\u00e4m\u00e4ss\u00e4 ja el\u00e4m\u00e4ss\u00e4 yleisemmin. Kirjasta j\u00e4\u00e4 mieleen paitsi ty\u00f6el\u00e4m\u00e4n muutos, my\u00f6s terveydenhuollon muutos psyykkisen haavoittuvuuden m\u00e4\u00e4ritt\u00e4j\u00e4n\u00e4. Laajempi esittely <a href=\"https:\/\/www.linkedin.com\/pulse\/rise-mental-vulnerability-work-pauli-forma-j508f\/\">t\u00e4\u00e4ll\u00e4<\/a>.<\/p>\n<p><a title=\"immonen\" href=\"https:\/\/www.flickr.com\/photos\/pforma\/54274569596\/in\/dateposted-family\/\" data-flickr-embed=\"true\"><img loading=\"lazy\" decoding=\"async\" src=\"https:\/\/live.staticflickr.com\/65535\/54274569596_82dc4140f7_n.jpg\" alt=\"immonen\" width=\"200\" height=\"303\" \/><\/a><script async src=\"\/\/embedr.flickr.com\/assets\/client-code.js\" charset=\"utf-8\"><\/script><\/p>\n<p><strong>Helena Immonen: Operaatio Tulikettu (Operaatio Kettu, #4). Crime Time 2024.\u00a0\u00a0<\/strong><\/p>\n<p>Taattua Helena Immosen laatua, nelj\u00e4s osa kirjasarjaa. Helena Immosen kirjat ovat minusta hyvi\u00e4 siksi, ett\u00e4 ne tuovat sota-aiheen nykyaikaan, nykyiseen yhteiskuntaan sek\u00e4 nykyaikaiseen teknologiseen ymp\u00e4rist\u00f6\u00f6n. Immonen tuntee my\u00f6s Puolustusvoimat ja turvallisuuspoliittisen tilanteen ja siihen liittyv\u00e4n varautumisen dynamiikkaa. T\u00e4ss\u00e4 kirjassa pyrit\u00e4\u00e4n katkaisemaan Murmanskin rata. Ehk\u00e4 olen v\u00e4h\u00e4n turtunut t\u00e4h\u00e4n sarjaan, ensimm\u00e4iset kirjat tuntuivat paremmilta.<\/p>\n<p><a title=\"ahman\" href=\"https:\/\/www.flickr.com\/photos\/pforma\/54273677327\/in\/dateposted-family\/\" data-flickr-embed=\"true\"><img loading=\"lazy\" decoding=\"async\" src=\"https:\/\/live.staticflickr.com\/65535\/54273677327_fce83775bf_n.jpg\" alt=\"ahman\" width=\"200\" height=\"296\" \/><\/a><script async src=\"\/\/embedr.flickr.com\/assets\/client-code.js\" charset=\"utf-8\"><\/script><\/p>\n<p><strong>Helena \u00c5hman. Tunnerohkeus &#8211; Suoraan puhumisen ja vastarinnan kohtaamisen taito. Otava 2024.<\/strong><\/p>\n<p>\u00c5hmanin uusin kirja on \u201cTunnerohkeus \u2013 Suoraan puhumisen ja vastarinnan kohtaamisen taito\u201d. Kirjan alkulehdill\u00e4 todetaan kirjan ponnistavan kolmesta eri havaitusta tarpeesta: 1) Taito ottaa rohkeasti esille vaikeita asioita, 2) menetelm\u00e4t ja keinot ep\u00e4mukaviin vuorovaikutustilanteisiin, 3) tunteiden siet\u00e4minenen ja s\u00e4\u00e4t\u00e4minen vaikeissa tilanteissa. Laajempi esittely <a href=\"https:\/\/www.linkedin.com\/posts\/pforma_helena-%C3%A5hmanin-kirjat-ovat-k%C3%A4sitelleet-erityisesti-activity-7240614496191299584-h_HQ\/\">t\u00e4\u00e4ll\u00e4<\/a>.<\/p>\n<p><a title=\"visuri\" href=\"https:\/\/www.flickr.com\/photos\/pforma\/54274805183\/in\/dateposted-family\/\" data-flickr-embed=\"true\"><img loading=\"lazy\" decoding=\"async\" src=\"https:\/\/live.staticflickr.com\/65535\/54274805183_8e340a0951_n.jpg\" alt=\"visuri\" width=\"200\" height=\"298\" \/><\/a><script async src=\"\/\/embedr.flickr.com\/assets\/client-code.js\" charset=\"utf-8\"><\/script><\/p>\n<p><strong>Pekka Visuri: Suomen sodat 1939-1945. Selviytyminen maailmansodasta.\u00a0 Docendo 2024.<\/strong><\/p>\n<p>Ottaen huomioon vallitsevan turvallisuuspoliittisen tilanteen, teki mieli virkist\u00e4\u00e4 muistia Suomen sodista. Se tekikin hyv\u00e4\u00e4, sain p\u00e4ivitetty\u00e4 keskeiset asiat Talvi- ja Jatkosodasta. Mieleen j\u00e4i monta asiaa: 1) Maailmansodan j\u00e4rjett\u00f6m\u00e4n suuri mittakaava, 2) Valtioiden kylm\u00e4nviile\u00e4 itsekkyys (katsotaan p\u00e4rj\u00e4\u00e4k\u00f6 hy\u00f6kk\u00e4yksen kohteena oleva maa ja reagoidaan vasta my\u00f6hemmin), 3) It\u00e4meren t\u00e4rkeys, Hangon ja Ahvenanmaan rooli, 4) Ruotsissa pasifistiset voimat olivat ennen toista maalaissotaa ajaneet puolustusbudjetit alas. Moni seikka on turhankin tuttua viime aikojen keskustelusta.<\/p>\n<p><a title=\"vuorikoski\" href=\"https:\/\/www.flickr.com\/photos\/pforma\/54274808319\/in\/dateposted-family\/\" data-flickr-embed=\"true\"><img loading=\"lazy\" decoding=\"async\" src=\"https:\/\/live.staticflickr.com\/65535\/54274808319_4f706877b5_n.jpg\" alt=\"vuorikoski\" width=\"200\" height=\"316\" \/><\/a><script async src=\"\/\/embedr.flickr.com\/assets\/client-code.js\" charset=\"utf-8\"><\/script><\/p>\n<p><strong>Salla Vuorikoski: Sanna Marin &#8211; Poikkeuksellinen p\u00e4\u00e4ministeri. WSOY 2024.\u00a0<\/strong><\/p>\n<p>Jostain syyst\u00e4 halusin lukea kaksi kirjaa Sanna Marinista. Kumpaisenkaan kirjan kirjoittamiseen kirjan p\u00e4\u00e4henkil\u00f6 ei ole osallistunut. Vuorikosken kirja on kirjoitettu journalistin ammattitaidolla ja otteella. Se dokumentoi tarkasti ja neutraalisti Marinin uran lapsuudesta p\u00e4\u00e4ministeriyteen ja nykyiseen kansainv\u00e4liseen rooliin. Kirjassa ei ole juurikaan yll\u00e4tyksi\u00e4, jos aihetta on seurannut mediasta. Mieleen j\u00e4i lopun pohdinta siit\u00e4, kuinka pitk\u00e4\u00e4n Marinilla on annettavaa nykyisess\u00e4 roolissaan kansainv\u00e4lisen\u00e4 puhujana.<\/p>\n<p><a title=\"nurmi\" href=\"https:\/\/www.flickr.com\/photos\/pforma\/54274986630\/in\/dateposted-family\/\" data-flickr-embed=\"true\"><img loading=\"lazy\" decoding=\"async\" src=\"https:\/\/live.staticflickr.com\/65535\/54274986630_2b92ee5fa3_n.jpg\" alt=\"nurmi\" width=\"200\" height=\"305\" \/><\/a><script async src=\"\/\/embedr.flickr.com\/assets\/client-code.js\" charset=\"utf-8\"><\/script><\/p>\n<p><strong>Lauri Nurmi: Kapinoivan esikuvan tie huipulle. Into 2024.\u00a0<\/strong><\/p>\n<p>Lauri Nurmi kirjoittaa samasta aiheesta tarjoten Marinista hieman Vuorikoskea vallanhimoisemman kuvan. T\u00e4st\u00e4 kirjasta julkisuuteen taisivat nousta Marinin ja Niinist\u00f6n ristiriidat ja toisaalta Marinin kielenk\u00e4ytt\u00f6 ja k\u00e4ytt\u00e4ytyminen.<\/p>\n<p><a title=\"maliranta\" href=\"https:\/\/www.flickr.com\/photos\/pforma\/54273714282\/in\/dateposted-family\/\" data-flickr-embed=\"true\"><img loading=\"lazy\" decoding=\"async\" src=\"https:\/\/live.staticflickr.com\/65535\/54273714282_19f1cc632d_n.jpg\" alt=\"maliranta\" width=\"200\" height=\"316\" \/><\/a><script async src=\"\/\/embedr.flickr.com\/assets\/client-code.js\" charset=\"utf-8\"><\/script><\/p>\n<p><strong>Mika Maliranta: Pinnan alta &#8211; miksi edess\u00e4mme on vahvan talouskasvun aika? Docendo 2024<\/strong><\/p>\n<p>Kasvun puute on tunnettu ongelma Suomessa. Maliranta k\u00e4y tiedemiehen tarkkuudella ja j\u00e4rjestelm\u00e4llisyydell\u00e4 l\u00e4pi Suomen tilannetta p\u00e4\u00e4tyen hyvinkin optimistiseen kirjan nimess\u00e4kin esiintyv\u00e4\u00e4n lopputulemaan. Kirja on kirjoitettu tieteellisell\u00e4 kurinalaisuudella, mm. l\u00e4hdeviittaukset ovat tarkkoja.<\/p>\n<p><a title=\"murto\" href=\"https:\/\/www.flickr.com\/photos\/pforma\/54275023065\/in\/dateposted-family\/\" data-flickr-embed=\"true\"><img loading=\"lazy\" decoding=\"async\" src=\"https:\/\/live.staticflickr.com\/65535\/54275023065_c94b418e07_n.jpg\" alt=\"murto\" width=\"200\" height=\"291\" \/><\/a><script async src=\"\/\/embedr.flickr.com\/assets\/client-code.js\" charset=\"utf-8\"><\/script><\/p>\n<p><strong>Risto Murto: Miksi Suomi pys\u00e4htyi? Suuntaviivoja uuteen talouskasvuun. Otava 2023<\/strong><\/p>\n<p>Kirja on jatkoa Murron pari vuotta sitten ilmestuneelle v\u00e4est\u00f6kehityst\u00e4 k\u00e4sittelev\u00e4lle kirjalle pureutuen talouskasvun edellytyksiin. Keskeisen\u00e4 tekij\u00e4n\u00e4 Suomen pys\u00e4htymiselle on tuottavuuden heikko kehitys. Emme en\u00e4\u00e4 ole mallimaa koulutuksen, tutkimuksen ja investointien alueella.\u00a0 Kirja on kirjoitettu niin, ett\u00e4 teema avautuu hyvin suurelle yleis\u00f6lle.<\/p>\n<p><a title=\"ratia\" href=\"https:\/\/www.flickr.com\/photos\/pforma\/54273677272\/in\/dateposted-family\/\" data-flickr-embed=\"true\"><img loading=\"lazy\" decoding=\"async\" src=\"https:\/\/live.staticflickr.com\/65535\/54273677272_fa5d980123_n.jpg\" alt=\"ratia\" width=\"200\" height=\"294\" \/><\/a><script async src=\"\/\/embedr.flickr.com\/assets\/client-code.js\" charset=\"utf-8\"><\/script><\/p>\n<p><strong>Lauri Ratia-Harri Saukkomaa: Pelastaja. Kuinka kriisiyritys nostetaan kuoleman kuilusta. Otava 2024.\u00a0<\/strong><\/p>\n<p>Kirja Lauri Ratian el\u00e4m\u00e4st\u00e4 ja urasta. Kirjaa j\u00e4sent\u00e4\u00e4 h\u00e4nen ty\u00f6skentelyns\u00e4 kolmen kriisiyrityksen pelastamiseksi: Turun telakan, Talvivaaren kaivoksen ja Stockmannin. Kirjasta j\u00e4\u00e4 mieleen ensinn\u00e4kin se, ett\u00e4 Ratia ty\u00f6skenteli n\u00e4iss\u00e4 merkitt\u00e4viss\u00e4 teht\u00e4viss\u00e4 huomattavan korkeassa i\u00e4ss\u00e4, eli 67-75 vuotiaana. Toinen mieleen j\u00e4\u00e4v\u00e4t asia on energia ja fokus. Energia n\u00e4kyy jatkuvana liikkeess\u00e4 olemisena ja fokus ty\u00f6skentelymetodina: ongelma pilkitaan osiin, asetetaan tavoitteet ja muodostetaan hankkeet tavoitteisiin p\u00e4\u00e4semiseksi. J\u00e4\u00e4 mieleen my\u00f6s se, kuinka Ratia halusi osallistua &#8221;oikeisiin t\u00f6ihin&#8221; Stokkalla, eli toimi myyj\u00e4n\u00e4 Hulluilla P\u00e4ivill\u00e4.<\/p>\n<p><a title=\"junkkari\" href=\"https:\/\/www.flickr.com\/photos\/pforma\/54274805273\/in\/dateposted-family\/\" data-flickr-embed=\"true\"><img loading=\"lazy\" decoding=\"async\" src=\"https:\/\/live.staticflickr.com\/65535\/54274805273_e7cde08da7_n.jpg\" alt=\"junkkari\" width=\"200\" height=\"287\" \/><\/a><script async src=\"\/\/embedr.flickr.com\/assets\/client-code.js\" charset=\"utf-8\"><\/script><\/p>\n<p><strong>Marko Junkkari: Vallan linnakkeen viimeinen taisto &#8211; kertomus vakuutusj\u00e4tti Pohjolan lopusta. Otava 2024.<\/strong><\/p>\n<p>Kirja Suomen finanssimaailman j\u00e4rjestelyist\u00e4. Mieleen j\u00e4\u00e4 ehk\u00e4 suurimpana asiana se, kuinka ei niin kauan aikaa sitten valta oli Suomessa jakautuneena muutamalle keskeisell\u00e4 talousel\u00e4m\u00e4n hahmolle, jotka sopivat johtajapaikoista saunan lauteilla ja mets\u00e4stysreissuilla. Hyv\u00e4 hallinto, l\u00e4pin\u00e4kyvyys ja vastuullisuus ovatkin kohtalaisen uusia asioita. Hyv\u00e4 mukaansatempaava kirja!<\/p>\n<p><a title=\"hautala\" href=\"https:\/\/www.flickr.com\/photos\/pforma\/54274805283\/in\/dateposted-family\/\" data-flickr-embed=\"true\"><img loading=\"lazy\" decoding=\"async\" src=\"https:\/\/live.staticflickr.com\/65535\/54274805283_509ee99ba9_n.jpg\" alt=\"hautala\" width=\"200\" height=\"291\" \/><\/a><script async src=\"\/\/embedr.flickr.com\/assets\/client-code.js\" charset=\"utf-8\"><\/script><\/p>\n<p><strong>Mikko Hautala: Sotaa ja rauhaa. Ven\u00e4j\u00e4, Yhdysvallat ja Suomi uuden suurvaltakilpailun aikakaudella. Otava 2024.<\/strong><\/p>\n<p>Moskovassa Suomen suurl\u00e4hettil\u00e4\u00e4n\u00e4 toimineen Hautalan kirja Ven\u00e4j\u00e4st\u00e4, Yhdysvalloista sek\u00e4 uudesta maailmanpoliittisesta asetelmasta. Jos Ven\u00e4j\u00e4-kirjat noin yleisesti hieman toistavat samaa levy\u00e4 niin t\u00e4m\u00e4 kirja yll\u00e4tt\u00e4\u00e4 positiivisesti. Hautala kykenee arvioimaan turvallisuus- ja maailmanpolitiikan kehityst\u00e4 nimenomaan Suomen n\u00e4k\u00f6kulmasta. N\u00e4kemykset eiv\u00e4t v\u00e4ltt\u00e4m\u00e4tt\u00e4 ole rauhoittavia. Kirja oli mielenkiintoinen my\u00f6s siksi, ett\u00e4 se antoi kuvan siit\u00e4, miten ja mill\u00e4 pelis\u00e4\u00e4nn\u00f6ill\u00e4 diplomatia toimii.<\/p>\n<p><a title=\"parmakoski\" href=\"https:\/\/www.flickr.com\/photos\/pforma\/54274818948\/in\/dateposted-family\/\" data-flickr-embed=\"true\"><img loading=\"lazy\" decoding=\"async\" src=\"https:\/\/live.staticflickr.com\/65535\/54274818948_af26229fd2_n.jpg\" alt=\"parmakoski\" width=\"200\" height=\"320\" \/><\/a><script async src=\"\/\/embedr.flickr.com\/assets\/client-code.js\" charset=\"utf-8\"><\/script><\/p>\n<p><strong>Krista P\u00e4rm\u00e4koski &#8211; Laura Arffman. Avoin, Gummerus 2024.\u00a0<\/strong><\/p>\n<p>V\u00e4liin yksi urheilijael\u00e4m\u00e4kerta. Muille urheilijatarinoille tuttu el\u00e4m\u00e4nkaari lapsuudenkodista maajoukkueeseen. Mit\u00e4 j\u00e4\u00e4 mieleen on urheilijoiden \u00e4lyt\u00f6n matkustaminen ymp\u00e4ri maailmaa, herkk\u00e4 ilmapiiri maajoukkueessa ja huippu-urheilijan el\u00e4m\u00e4n vaativuus my\u00f6s mielen haavoittuvuuden n\u00e4k\u00f6kulmasta.<\/p>\n<p><a title=\"cervenka\" href=\"https:\/\/www.flickr.com\/photos\/pforma\/54274986690\/in\/dateposted-family\/\" data-flickr-embed=\"true\"><img loading=\"lazy\" decoding=\"async\" src=\"https:\/\/live.staticflickr.com\/65535\/54274986690_9ca9acee83_n.jpg\" alt=\"cervenka\" width=\"200\" height=\"318\" \/><\/a><script async src=\"\/\/embedr.flickr.com\/assets\/client-code.js\" charset=\"utf-8\"><\/script><\/p>\n<p><strong>Andreas Cervenka: Ahne Ruotsi &#8211; kuinka kansankodista tuli superrikkaiden paratiisi. Gummerus 2024.\u00a0<\/strong><\/p>\n<p>T\u00e4ss\u00e4 ehk\u00e4 v\u00e4h\u00e4n populaarissa kirjassa tuodaan esiin, kuinka hyvin rikkaiden ihmisten m\u00e4\u00e4r\u00e4 on Ruotsissa lis\u00e4\u00e4ntynyt voimakkaasti. T\u00e4h\u00e4n liittyy esimerkiksi asuntojen hintojen nousu, perint\u00f6- ja lahjaveron poistaminen merkitt\u00e4vien uusien yritysten synty ja kasvu (Spotify ja Klarna esim), sek\u00e4 pikavippikulttuuri. My\u00f6s entiset ruotsalaiset poliitikot ovat vaurastuneet merkitt\u00e4v\u00e4sti.<\/p>\n<p><a title=\"moisala\" href=\"https:\/\/www.flickr.com\/photos\/pforma\/54273677282\/in\/dateposted-family\/\" data-flickr-embed=\"true\"><img loading=\"lazy\" decoding=\"async\" src=\"https:\/\/live.staticflickr.com\/65535\/54273677282_f59046bd3c_n.jpg\" alt=\"moisala\" width=\"200\" height=\"286\" \/><\/a><script async src=\"\/\/embedr.flickr.com\/assets\/client-code.js\" charset=\"utf-8\"><\/script><\/p>\n<p><strong>Mona Moisala: Tyhm\u00e4 ty\u00f6el\u00e4m\u00e4. Kuinka pelastaa ajatusty\u00f6l\u00e4isen aivot. Otava 2024.\u00a0<\/strong><\/p>\n<p>Ajankohtainen kirja, jossa k\u00e4sitell\u00e4\u00e4n palautumista aivoty\u00f6st\u00e4, keskittymiskyky\u00e4, tunnetaitoja ja erilaisuutta. Kirja sopii luettavaksi laajalle kohderyhm\u00e4lle: ajatusty\u00f6ntekij\u00e4lle, esihenkil\u00f6lle sek\u00e4 johtajille. Kirja on napakka mennen suoraan asiaan ilman laajaa taustoitusta. Tiedett\u00e4 on kirjassa sopivasti ja konkreettiset esimerkit kirjoittajan omasta el\u00e4m\u00e4st\u00e4 tai ty\u00f6urasta varmistavat viestin perillemenoa. Laajempi esittely t\u00e4\u00e4ll\u00e4.<\/p>\n<p>&nbsp;<\/p>\n","protected":false},"excerpt":{"rendered":"<p>Olen viime aikoina kirjoittanut kirjaesittelyj\u00e4 ammattikirjoista l\u00e4hinn\u00e4 LinkedInin puolelle. J\u00e4nn\u00e4 havainto on se, ett\u00e4 lukemani ty\u00f6h\u00f6n liittyv\u00e4t kirjat ovat pitk\u00e4lti psykologien kirjoittamia. Toinen muutos on se, ett\u00e4 en ole en\u00e4\u00e4 l\u00f6yt\u00e4nyt motivaatiota ja aikaa kirjoitella laajoja esittelyj\u00e4 muista kirjoista kuin n\u00e4ist\u00e4 valikoiduista ty\u00f6h\u00f6n liittyvist\u00e4 kirjoista. T\u00e4ss\u00e4 postauksessa kokeilen uutta avausta ja kirjoitan koostusti pienet kommentit &hellip; <\/p>\n<p class=\"link-more\"><a href=\"https:\/\/www.pauliforma.fi\/rantaradanvarrelta\/viime-aikoina-luettuja-kirjoja-2\/\" class=\"more-link\">Jatka lukemista<span class=\"screen-reader-text\"> &#8221;Vuonna 2024 luettuja kirjoja&#8221;<\/span><\/a><\/p>\n","protected":false},"author":1,"featured_media":0,"comment_status":"open","ping_status":"closed","sticky":false,"template":"","format":"standard","meta":{"_monsterinsights_skip_tracking":false,"_monsterinsights_sitenote_active":false,"_monsterinsights_sitenote_note":"","_monsterinsights_sitenote_category":0,"footnotes":""},"categories":[1],"tags":[],"class_list":["post-2862","post","type-post","status-publish","format-standard","hentry","category-kirjat"],"aioseo_notices":[],"_links":{"self":[{"href":"https:\/\/www.pauliforma.fi\/rantaradanvarrelta\/wp-json\/wp\/v2\/posts\/2862","targetHints":{"allow":["GET"]}}],"collection":[{"href":"https:\/\/www.pauliforma.fi\/rantaradanvarrelta\/wp-json\/wp\/v2\/posts"}],"about":[{"href":"https:\/\/www.pauliforma.fi\/rantaradanvarrelta\/wp-json\/wp\/v2\/types\/post"}],"author":[{"embeddable":true,"href":"https:\/\/www.pauliforma.fi\/rantaradanvarrelta\/wp-json\/wp\/v2\/users\/1"}],"replies":[{"embeddable":true,"href":"https:\/\/www.pauliforma.fi\/rantaradanvarrelta\/wp-json\/wp\/v2\/comments?post=2862"}],"version-history":[{"count":10,"href":"https:\/\/www.pauliforma.fi\/rantaradanvarrelta\/wp-json\/wp\/v2\/posts\/2862\/revisions"}],"predecessor-version":[{"id":2875,"href":"https:\/\/www.pauliforma.fi\/rantaradanvarrelta\/wp-json\/wp\/v2\/posts\/2862\/revisions\/2875"}],"wp:attachment":[{"href":"https:\/\/www.pauliforma.fi\/rantaradanvarrelta\/wp-json\/wp\/v2\/media?parent=2862"}],"wp:term":[{"taxonomy":"category","embeddable":true,"href":"https:\/\/www.pauliforma.fi\/rantaradanvarrelta\/wp-json\/wp\/v2\/categories?post=2862"},{"taxonomy":"post_tag","embeddable":true,"href":"https:\/\/www.pauliforma.fi\/rantaradanvarrelta\/wp-json\/wp\/v2\/tags?post=2862"}],"curies":[{"name":"wp","href":"https:\/\/api.w.org\/{rel}","templated":true}]}}