{"id":928,"date":"2016-05-07T08:29:17","date_gmt":"2016-05-07T05:29:17","guid":{"rendered":"https:\/\/www.pauliforma.fi\/rantaradanvarrelta\/?p=928"},"modified":"2016-05-07T08:29:17","modified_gmt":"2016-05-07T05:29:17","slug":"monikanavainen","status":"publish","type":"post","link":"https:\/\/www.pauliforma.fi\/rantaradanvarrelta\/monikanavainen\/","title":{"rendered":"Asiantuntijan monikanavainen viestint\u00e4"},"content":{"rendered":"<p><em>Viestinn\u00e4n ja vuorovaikutuksen rooli korostuu nykyp\u00e4iv\u00e4n johtamisessa ja asiantuntijaty\u00f6ss\u00e4. Avainasemassa on monikanavainen viestint\u00e4, johon on nykyp\u00e4iv\u00e4n\u00e4 loistavat mahdollisuudet.\u00a0Pohdiskelin, miten olen viime viikkoina hy\u00f6dynt\u00e4nyt monikanavaisuutta omassa ty\u00f6ss\u00e4ni.<\/em><\/p>\n<h2>Mit\u00e4 olen mennyt tekem\u00e4\u00e4n?<\/h2>\n<p>Olen ensinn\u00e4kin kirjoittanut pari blogikirjoitusta ty\u00f6paikan intranetiin. Toinen n\u00e4ist\u00e4 kirjoituksista oli kuvaus er\u00e4\u00e4n projektin vaiheista ja toinen oli vastaus er\u00e4\u00e4seen organisaation sis\u00e4ll\u00e4 virinneeseen kysymykseen ja keskusteluun.<\/p>\n<p>Ty\u00f6paikan intranetissa olen lis\u00e4ksi esiintynyt parissa videossa, joista toinen liittyi projektin tilannekatsaukseen ja toisessa oli kyse uudesta toiminnasta, josta viestittiin ensin oman organisaation sis\u00e4ll\u00e4. Molemmat videot toteutettiin yhteisty\u00f6ss\u00e4 viestint\u00e4yksikk\u00f6mme kanssa.<\/p>\n<p>Bloggasin 2.5.2016 vierailijana <strong>Taloustaidon blogissa<\/strong>\u00a0<a href=\"http:\/\/www.taloustaito.fi\/Teemat\/TT-Blogi\/Blogit-2016\/sote-mullistaa-myos-tyoelaman\/\">Sote-ja aluehallintouudistukseen liittyvist\u00e4 ty\u00f6el\u00e4m\u00e4asioista<\/a><a href=\"http:\/\/www.taloustaito.fi\/Teemat\/TT-Blogi\/Blogit-2016\/sote-mullistaa-myos-tyoelaman\/\">.<\/a>\u00a0Kirjoituksen l\u00e4ht\u00f6kohta oli se, ett\u00e4 vaikka uudistuksesta on keskusteltu valtavasti, sen liittymist\u00e4 ty\u00f6el\u00e4m\u00e4asioihin ei ole juurikaan pohdittu. T\u00e4m\u00e4 pohdinta sopii oman ty\u00f6paikkani strategiaan ja toisaalta omaan asiantuntijaprofiiliini.<\/p>\n<p><a title=\"Taloustaito\" href=\"http:\/\/www.taloustaito.fi\/Teemat\/TT-Blogi\/Blogit-2016\/sote-mullistaa-myos-tyoelaman\/\" data-flickr-embed=\"true\"><img loading=\"lazy\" decoding=\"async\" class=\"alignnone\" title=\"monikanavainen\" src=\"https:\/\/farm8.staticflickr.com\/7164\/26239532914_472c60832f.jpg\" alt=\"Linkki taloustaidon blogiin.\" width=\"500\" height=\"153\" \/><\/a><\/p>\n<p><script src=\"\/\/embedr.flickr.com\/assets\/client-code.js\" async=\"\" charset=\"utf-8\"><\/script><\/p>\n<p>Jaoin t\u00e4t\u00e4 kirjoitusta <strong>Twitteriss\u00e4<\/strong> ja lis\u00e4ksi\u00a0<strong>Facebookissa<\/strong> parissa teemaan sopivassa jaryhm\u00e4ss\u00e4. Twitteriss\u00e4 kirjoitusta jaettiin edelleen ja Facebookissa syntyi keskustelua, johon osallistuin.<\/p>\n<p>T\u00e4st\u00e4 blogipostauksen teemasta aion kirjoittaa viel\u00e4 jutun perinteiseen mediaan. Se on ik\u00e4\u00e4nkuin jatko-osa t\u00e4lle kirjoitukselle. Ajattelen, ett\u00e4 uusi foorumi tavoittaa laajemman levikin ja n\u00e4in my\u00f6s uusia lukijoita.<\/p>\n<p>Lis\u00e4ksi esiinnyin <a href=\"http:\/\/www.tanhuvaara.fi\/tyohyvinvointiakatemia\"><strong>Etel\u00e4-Savon ty\u00f6hyvinvointiakatemian<\/strong><\/a> syksyll\u00e4 tulossa olevaa seminaaria puffaavalla videolla. Muut esiintyj\u00e4t videolla ovat <a href=\"https:\/\/twitter.com\/AnnemaijaS\">Annemaija Summanen<\/a>, <a href=\"https:\/\/twitter.com\/AuraOssi\">Ossi Aura<\/a> ja\u00a0<a href=\"https:\/\/www.linkedin.com\/in\/terttu-pakarinen-8a6aa517\">Terttu Pakarinen<\/a>.<\/p>\n<p><iframe loading=\"lazy\" style=\"border: none; overflow: hidden;\" src=\"https:\/\/www.facebook.com\/plugins\/video.php?href=https%3A%2F%2Fwww.facebook.com%2Fannemaija.summanen%2Fvideos%2F873133602808514%2F&amp;show_text=0&amp;width=560\" width=\"560\" height=\"315\" frameborder=\"0\" scrolling=\"no\" allowfullscreen=\"allowfullscreen\"><\/iframe><\/p>\n<p>Erityisesti videoiden hy\u00f6dynt\u00e4minen asiantuntija- ja johtamisviestinn\u00e4ss\u00e4 tuntuu ajankohtaiselta t\u00e4ll\u00e4 hetkell\u00e4. Ne ovat nopeita tehd\u00e4 ja katsoa. Ja ne her\u00e4tt\u00e4v\u00e4t huomiota enemm\u00e4n kuin teksti.<\/p>\n<h2><strong>Mit\u00e4 monikanavainen viestint\u00e4 edellytt\u00e4\u00e4?<\/strong><\/h2>\n<p>Ensinn\u00e4kin tarvitaan sis\u00e4lt\u00f6\u00e4.<\/p>\n<p>Sis\u00e4lt\u00f6 voi olla uusi avaus, tai se voi olla reaktio keskustelussa esitettyyn kysymykseen tai uusi n\u00e4k\u00f6kulma meneill\u00e4\u00e4n olevassa keskustelussa. Se voi my\u00f6s olla melko yksinkertainen kuvaus tai info jostain tapahtumasta. Jotkut sis\u00e4ll\u00f6t syntyv\u00e4t helposti, toiset vaativat enemm\u00e4n taustaty\u00f6t\u00e4.<\/p>\n<p>Toisaalta tarvitaan v\u00e4line, joita nykyp\u00e4iv\u00e4n\u00e4 on monenlaisia.<\/p>\n<p>Voi kirjoittaa blogeja oman organisaation intrassa tai ulkoisilla sivuilla. Blogit voivat olla asiantuntijan omia, ty\u00f6paikan blogeja tai &#8221;kolmannen osapuolen&#8221; blogeja joissa asiantuntija vierailee. Videoiden ohella voi kokeilla livestriimausta <strong>Periscopella<\/strong> tai Facebookissa.<\/p>\n<p>Sis\u00e4ll\u00f6n jakaminen aktiivisesti varmistaa, ett\u00e4 sis\u00e4ll\u00f6n julkaisemisesta tulee otetuksi kaikki irti. T\u00e4ss\u00e4 Twitter on oiva v\u00e4line, lis\u00e4ksi kannattaa tunnistaa asian kannalta keskeiset ryhm\u00e4t esimerkiksi Facebookissa ja <strong>LinkedIniss\u00e4<\/strong>.<\/p>\n<p>Kolmanneksi, asiantuntija hy\u00f6tyy yhteisty\u00f6kumppaneista.<\/p>\n<p>Itse olen saanut edell\u00e4 mainituissa tapauksissa apua ty\u00f6paikkani viestint\u00e4yksik\u00f6st\u00e4, kollegat ovat sparranneet tekstej\u00e4ni ja lis\u00e4ksi yhteisty\u00f6kumppanit ovat tarjonneet mahdollisuutta esiinty\u00e4 heid\u00e4n blogissaan tai videollaan. Teemoista kiinnostuneet asiantuntijat jakavat sis\u00e4lt\u00f6\u00e4 omille verkostoilleen sosiaalisessa mediassa.<\/p>\n<p>Nelj\u00e4nneksi, kannattaa mietti\u00e4, miten viestint\u00e4 tulee osaksi omia ty\u00f6prosesseja.<\/p>\n<p>Itse yrit\u00e4n t\u00e4t\u00e4 esimerkiksi seuraavasti: Sain kutsun paneeliin, joka j\u00e4rjestet\u00e4\u00e4n\u00a0parin viikon p\u00e4\u00e4st\u00e4. Mietin, miten voin hy\u00f6dynt\u00e4\u00e4 t\u00e4t\u00e4 paneelikeikkaa laajemmin.\u00a0Ajattelin tehd\u00e4 niin, ett\u00e4 valmistelen blogitekstin teemasta ja pakotan n\u00e4in itseni perehtym\u00e4\u00e4n aiheeseen paremmin. Itse keskustelu on my\u00f6s t\u00e4ll\u00e4 ennakkovalmistelulla toivottavasti helpompaa. Keskustelun j\u00e4lkeen julkaisen sitten postauksen, keskustelun aikana esiinnousseilla pointeilla ryyditt\u00e4en.<\/p>\n<h2>Kiteytys asiantuntijan monikanavaiseen viestint\u00e4\u00e4n:<\/h2>\n<ul>\n<li>Viesti aina kun on aihetta, mieluummin enemm\u00e4n ja useammin kuin &#8221;v\u00e4himm\u00e4ism\u00e4\u00e4r\u00e4&#8221;<\/li>\n<li>Hy\u00f6dynn\u00e4 tilanteet, joista on helposti luotavissa mielenkiintoinen sis\u00e4lt\u00f6<\/li>\n<li>Hy\u00f6dynn\u00e4 isot ja pienet keskustelut, joihin voit tuoda uuden n\u00e4k\u00f6kulman<\/li>\n<li>K\u00e4yt\u00e4 monipuolisesti eri kanavia, \u00e4l\u00e4 unohda organisaation sis\u00e4ist\u00e4 viestint\u00e4\u00e4<\/li>\n<li>Hy\u00f6dynn\u00e4 tarjolla olevaa apua, pyri win-win yhteisty\u00f6h\u00f6n tahojen kanssa, jotka hy\u00f6tyv\u00e4t Sinun panoksestasi<\/li>\n<li>Opi lis\u00e4\u00e4, eli arvioi omaa toimintaasi, hy\u00f6dynn\u00e4 ideoita muilta ja kokeile.<\/li>\n<\/ul>\n<p><strong>PS<\/strong>. Kuten tarkkasilm\u00e4iset ovat huomanneet, blogi on uudistunut ulkoasultaan. Toivottavasti uusi ulkoasu toimii vanhaa versiota paremmin erilaisissa p\u00e4\u00e4telaitteissa.<\/p>\n","protected":false},"excerpt":{"rendered":"<p>Viestinn\u00e4n ja vuorovaikutuksen rooli korostuu nykyp\u00e4iv\u00e4n johtamisessa ja asiantuntijaty\u00f6ss\u00e4. Avainasemassa on monikanavainen viestint\u00e4, johon on nykyp\u00e4iv\u00e4n\u00e4 loistavat mahdollisuudet.\u00a0Pohdiskelin, miten olen viime viikkoina hy\u00f6dynt\u00e4nyt monikanavaisuutta omassa ty\u00f6ss\u00e4ni. Mit\u00e4 olen mennyt tekem\u00e4\u00e4n? Olen ensinn\u00e4kin kirjoittanut pari blogikirjoitusta ty\u00f6paikan intranetiin. Toinen n\u00e4ist\u00e4 kirjoituksista oli kuvaus er\u00e4\u00e4n projektin vaiheista ja toinen oli vastaus er\u00e4\u00e4seen organisaation sis\u00e4ll\u00e4 virinneeseen kysymykseen ja &hellip; <\/p>\n<p class=\"link-more\"><a href=\"https:\/\/www.pauliforma.fi\/rantaradanvarrelta\/monikanavainen\/\" class=\"more-link\">Jatka lukemista<span class=\"screen-reader-text\"> &#8221;Asiantuntijan monikanavainen viestint\u00e4&#8221;<\/span><\/a><\/p>\n","protected":false},"author":1,"featured_media":0,"comment_status":"open","ping_status":"closed","sticky":false,"template":"","format":"standard","meta":{"_monsterinsights_skip_tracking":false,"_monsterinsights_sitenote_active":false,"_monsterinsights_sitenote_note":"","_monsterinsights_sitenote_category":0,"footnotes":""},"categories":[1],"tags":[12,9,14,8,10,34],"class_list":["post-928","post","type-post","status-publish","format-standard","hentry","category-kirjat","tag-asiantuntijuus","tag-blogit","tag-digitaalisuus","tag-media","tag-sosiaalinen-media","tag-viestinta"],"aioseo_notices":[],"aioseo_head":"\n\t\t<!-- All in One SEO 5.0.1.1 - aioseo.com -->\n\t<meta name=\"description\" content=\"Monikanavainen viestint\u00e4 asiantuntijaty\u00f6ss\u00e4 on t\u00e4m\u00e4n kirjoituksen teema. Viesti aktiivisesti, hy\u00f6dynn\u00e4 erilaisia kanavia ja tee yhteisty\u00f6t\u00e4.\" \/>\n\t<meta name=\"robots\" content=\"max-image-preview:large\" \/>\n\t<meta name=\"author\" content=\"Pauli\"\/>\n\t<link rel=\"canonical\" href=\"https:\/\/www.pauliforma.fi\/rantaradanvarrelta\/monikanavainen\/\" \/>\n\t<meta name=\"generator\" content=\"All in One SEO (AIOSEO) 5.0.1.1\" \/>\n\t\t<meta property=\"og:locale\" content=\"fi_FI\" \/>\n\t\t<meta property=\"og:site_name\" content=\"Rantaradan varrelta\" \/>\n\t\t<meta property=\"og:type\" content=\"article\" \/>\n\t\t<meta property=\"og:title\" content=\"Asiantuntijan monikanavainen viestint\u00e4 \u00bb Rantaradan varrelta\" \/>\n\t\t<meta property=\"og:description\" content=\"Monikanavainen viestint\u00e4 asiantuntijaty\u00f6ss\u00e4 on t\u00e4m\u00e4n kirjoituksen teema. Viesti aktiivisesti, hy\u00f6dynn\u00e4 erilaisia kanavia ja tee yhteisty\u00f6t\u00e4.\" \/>\n\t\t<meta property=\"og:url\" content=\"https:\/\/www.pauliforma.fi\/rantaradanvarrelta\/monikanavainen\/\" \/>\n\t\t<meta property=\"og:image\" content=\"https:\/\/farm8.staticflickr.com\/7164\/26239532914_472c60832f.jpg\" \/>\n\t\t<meta property=\"og:image:secure_url\" content=\"https:\/\/farm8.staticflickr.com\/7164\/26239532914_472c60832f.jpg\" \/>\n\t\t<meta property=\"article:section\" content=\"Kirjat\" \/>\n\t\t<meta property=\"article:tag\" content=\"asiantuntijuus\" \/>\n\t\t<meta property=\"article:tag\" content=\"blogit\" \/>\n\t\t<meta property=\"article:tag\" content=\"digitaalisuus\" \/>\n\t\t<meta property=\"article:tag\" content=\"media\" \/>\n\t\t<meta property=\"article:tag\" content=\"sosiaalinen media\" \/>\n\t\t<meta property=\"article:tag\" content=\"viestint\u00e4\" \/>\n\t\t<meta property=\"article:published_time\" content=\"2016-05-07T05:29:17+00:00\" \/>\n\t\t<meta property=\"article:modified_time\" content=\"2016-05-07T05:29:17+00:00\" \/>\n\t\t<meta property=\"article:publisher\" content=\"https:\/\/www.facebook.com\/pauli.forma\" \/>\n\t\t<script type=\"application\/ld+json\" class=\"aioseo-schema\">\n\t\t\t{\"@context\":\"https:\\\/\\\/schema.org\",\"@graph\":[{\"@type\":\"Article\",\"@id\":\"https:\\\/\\\/www.pauliforma.fi\\\/rantaradanvarrelta\\\/monikanavainen\\\/#article\",\"name\":\"Asiantuntijan monikanavainen viestint\\u00e4 \\u00bb Rantaradan varrelta\",\"headline\":\"Asiantuntijan monikanavainen viestint\\u00e4\",\"author\":{\"@id\":\"https:\\\/\\\/www.pauliforma.fi\\\/rantaradanvarrelta\\\/author\\\/admin\\\/#author\"},\"publisher\":{\"@id\":\"https:\\\/\\\/www.pauliforma.fi\\\/rantaradanvarrelta\\\/#person\"},\"image\":{\"@type\":\"ImageObject\",\"url\":\"https:\\\/\\\/farm8.staticflickr.com\\\/7164\\\/26239532914_472c60832f.jpg\",\"@id\":\"https:\\\/\\\/www.pauliforma.fi\\\/rantaradanvarrelta\\\/monikanavainen\\\/#articleImage\"},\"datePublished\":\"2016-05-07T08:29:17+03:00\",\"dateModified\":\"2016-05-07T08:29:17+03:00\",\"inLanguage\":\"fi\",\"mainEntityOfPage\":{\"@id\":\"https:\\\/\\\/www.pauliforma.fi\\\/rantaradanvarrelta\\\/monikanavainen\\\/#webpage\"},\"isPartOf\":{\"@id\":\"https:\\\/\\\/www.pauliforma.fi\\\/rantaradanvarrelta\\\/monikanavainen\\\/#webpage\"},\"articleSection\":\"Kirjat, asiantuntijuus, blogit, digitaalisuus, media, sosiaalinen media, viestint\\u00e4\"},{\"@type\":\"BreadcrumbList\",\"@id\":\"https:\\\/\\\/www.pauliforma.fi\\\/rantaradanvarrelta\\\/monikanavainen\\\/#breadcrumblist\",\"itemListElement\":[{\"@type\":\"ListItem\",\"@id\":\"https:\\\/\\\/www.pauliforma.fi\\\/rantaradanvarrelta#listItem\",\"position\":1,\"name\":\"Home\",\"item\":\"https:\\\/\\\/www.pauliforma.fi\\\/rantaradanvarrelta\",\"nextItem\":{\"@type\":\"ListItem\",\"@id\":\"https:\\\/\\\/www.pauliforma.fi\\\/rantaradanvarrelta\\\/category\\\/kirjat\\\/#listItem\",\"name\":\"Kirjat\"}},{\"@type\":\"ListItem\",\"@id\":\"https:\\\/\\\/www.pauliforma.fi\\\/rantaradanvarrelta\\\/category\\\/kirjat\\\/#listItem\",\"position\":2,\"name\":\"Kirjat\",\"item\":\"https:\\\/\\\/www.pauliforma.fi\\\/rantaradanvarrelta\\\/category\\\/kirjat\\\/\",\"nextItem\":{\"@type\":\"ListItem\",\"@id\":\"https:\\\/\\\/www.pauliforma.fi\\\/rantaradanvarrelta\\\/monikanavainen\\\/#listItem\",\"name\":\"Asiantuntijan monikanavainen viestint\\u00e4\"},\"previousItem\":{\"@type\":\"ListItem\",\"@id\":\"https:\\\/\\\/www.pauliforma.fi\\\/rantaradanvarrelta#listItem\",\"name\":\"Home\"}},{\"@type\":\"ListItem\",\"@id\":\"https:\\\/\\\/www.pauliforma.fi\\\/rantaradanvarrelta\\\/monikanavainen\\\/#listItem\",\"position\":3,\"name\":\"Asiantuntijan monikanavainen viestint\\u00e4\",\"previousItem\":{\"@type\":\"ListItem\",\"@id\":\"https:\\\/\\\/www.pauliforma.fi\\\/rantaradanvarrelta\\\/category\\\/kirjat\\\/#listItem\",\"name\":\"Kirjat\"}}]},{\"@type\":\"Person\",\"@id\":\"https:\\\/\\\/www.pauliforma.fi\\\/rantaradanvarrelta\\\/#person\",\"name\":\"Pauli\",\"image\":{\"@type\":\"ImageObject\",\"@id\":\"https:\\\/\\\/www.pauliforma.fi\\\/rantaradanvarrelta\\\/monikanavainen\\\/#personImage\",\"url\":\"https:\\\/\\\/secure.gravatar.com\\\/avatar\\\/b63713147775f221f54650ad9aaa6d31facf08793e47092d6e6b09e8a883f543?s=96&d=mm&r=g\",\"width\":96,\"height\":96,\"caption\":\"Pauli\"},\"sameAs\":[\"paufor\"]},{\"@type\":\"Person\",\"@id\":\"https:\\\/\\\/www.pauliforma.fi\\\/rantaradanvarrelta\\\/author\\\/admin\\\/#author\",\"url\":\"https:\\\/\\\/www.pauliforma.fi\\\/rantaradanvarrelta\\\/author\\\/admin\\\/\",\"name\":\"Pauli\",\"image\":{\"@type\":\"ImageObject\",\"@id\":\"https:\\\/\\\/www.pauliforma.fi\\\/rantaradanvarrelta\\\/monikanavainen\\\/#authorImage\",\"url\":\"https:\\\/\\\/secure.gravatar.com\\\/avatar\\\/b63713147775f221f54650ad9aaa6d31facf08793e47092d6e6b09e8a883f543?s=96&d=mm&r=g\",\"width\":96,\"height\":96,\"caption\":\"Pauli\"},\"sameAs\":[\"paufor\"]},{\"@type\":\"WebPage\",\"@id\":\"https:\\\/\\\/www.pauliforma.fi\\\/rantaradanvarrelta\\\/monikanavainen\\\/#webpage\",\"url\":\"https:\\\/\\\/www.pauliforma.fi\\\/rantaradanvarrelta\\\/monikanavainen\\\/\",\"name\":\"Asiantuntijan monikanavainen viestint\\u00e4 \\u00bb Rantaradan varrelta\",\"description\":\"Monikanavainen viestint\\u00e4 asiantuntijaty\\u00f6ss\\u00e4 on t\\u00e4m\\u00e4n kirjoituksen teema. Viesti aktiivisesti, hy\\u00f6dynn\\u00e4 erilaisia kanavia ja tee yhteisty\\u00f6t\\u00e4.\",\"inLanguage\":\"fi\",\"isPartOf\":{\"@id\":\"https:\\\/\\\/www.pauliforma.fi\\\/rantaradanvarrelta\\\/#website\"},\"breadcrumb\":{\"@id\":\"https:\\\/\\\/www.pauliforma.fi\\\/rantaradanvarrelta\\\/monikanavainen\\\/#breadcrumblist\"},\"author\":{\"@id\":\"https:\\\/\\\/www.pauliforma.fi\\\/rantaradanvarrelta\\\/author\\\/admin\\\/#author\"},\"creator\":{\"@id\":\"https:\\\/\\\/www.pauliforma.fi\\\/rantaradanvarrelta\\\/author\\\/admin\\\/#author\"},\"datePublished\":\"2016-05-07T08:29:17+03:00\",\"dateModified\":\"2016-05-07T08:29:17+03:00\"},{\"@type\":\"WebSite\",\"@id\":\"https:\\\/\\\/www.pauliforma.fi\\\/rantaradanvarrelta\\\/#website\",\"url\":\"https:\\\/\\\/www.pauliforma.fi\\\/rantaradanvarrelta\\\/\",\"name\":\"Rantaradan varrelta\",\"description\":\"Pauli Forman blogi: kirjoituksia ty\\u00f6st\\u00e4 ja el\\u00e4m\\u00e4st\\u00e4\",\"inLanguage\":\"fi\",\"publisher\":{\"@id\":\"https:\\\/\\\/www.pauliforma.fi\\\/rantaradanvarrelta\\\/#person\"}}]}\n\t\t<\/script>\n\t\t<!-- All in One SEO -->\n\n","aioseo_head_json":{"title":"Asiantuntijan monikanavainen viestint\u00e4 \u00bb Rantaradan varrelta","description":"Monikanavainen viestint\u00e4 asiantuntijaty\u00f6ss\u00e4 on t\u00e4m\u00e4n kirjoituksen teema. Viesti aktiivisesti, hy\u00f6dynn\u00e4 erilaisia kanavia ja tee yhteisty\u00f6t\u00e4.","canonical_url":"https:\/\/www.pauliforma.fi\/rantaradanvarrelta\/monikanavainen\/","robots":"max-image-preview:large","keywords":"","webmasterTools":{"miscellaneous":""},"schema":{"@context":"https:\/\/schema.org","@graph":[{"@type":"Article","@id":"https:\/\/www.pauliforma.fi\/rantaradanvarrelta\/monikanavainen\/#article","name":"Asiantuntijan monikanavainen viestint\u00e4 \u00bb Rantaradan varrelta","headline":"Asiantuntijan monikanavainen viestint\u00e4","author":{"@id":"https:\/\/www.pauliforma.fi\/rantaradanvarrelta\/author\/admin\/#author"},"publisher":{"@id":"https:\/\/www.pauliforma.fi\/rantaradanvarrelta\/#person"},"image":{"@type":"ImageObject","url":"https:\/\/farm8.staticflickr.com\/7164\/26239532914_472c60832f.jpg","@id":"https:\/\/www.pauliforma.fi\/rantaradanvarrelta\/monikanavainen\/#articleImage"},"datePublished":"2016-05-07T08:29:17+03:00","dateModified":"2016-05-07T08:29:17+03:00","inLanguage":"fi","mainEntityOfPage":{"@id":"https:\/\/www.pauliforma.fi\/rantaradanvarrelta\/monikanavainen\/#webpage"},"isPartOf":{"@id":"https:\/\/www.pauliforma.fi\/rantaradanvarrelta\/monikanavainen\/#webpage"},"articleSection":"Kirjat, asiantuntijuus, blogit, digitaalisuus, media, sosiaalinen media, viestint\u00e4"},{"@type":"BreadcrumbList","@id":"https:\/\/www.pauliforma.fi\/rantaradanvarrelta\/monikanavainen\/#breadcrumblist","itemListElement":[{"@type":"ListItem","@id":"https:\/\/www.pauliforma.fi\/rantaradanvarrelta#listItem","position":1,"name":"Home","item":"https:\/\/www.pauliforma.fi\/rantaradanvarrelta","nextItem":{"@type":"ListItem","@id":"https:\/\/www.pauliforma.fi\/rantaradanvarrelta\/category\/kirjat\/#listItem","name":"Kirjat"}},{"@type":"ListItem","@id":"https:\/\/www.pauliforma.fi\/rantaradanvarrelta\/category\/kirjat\/#listItem","position":2,"name":"Kirjat","item":"https:\/\/www.pauliforma.fi\/rantaradanvarrelta\/category\/kirjat\/","nextItem":{"@type":"ListItem","@id":"https:\/\/www.pauliforma.fi\/rantaradanvarrelta\/monikanavainen\/#listItem","name":"Asiantuntijan monikanavainen viestint\u00e4"},"previousItem":{"@type":"ListItem","@id":"https:\/\/www.pauliforma.fi\/rantaradanvarrelta#listItem","name":"Home"}},{"@type":"ListItem","@id":"https:\/\/www.pauliforma.fi\/rantaradanvarrelta\/monikanavainen\/#listItem","position":3,"name":"Asiantuntijan monikanavainen viestint\u00e4","previousItem":{"@type":"ListItem","@id":"https:\/\/www.pauliforma.fi\/rantaradanvarrelta\/category\/kirjat\/#listItem","name":"Kirjat"}}]},{"@type":"Person","@id":"https:\/\/www.pauliforma.fi\/rantaradanvarrelta\/#person","name":"Pauli","image":{"@type":"ImageObject","@id":"https:\/\/www.pauliforma.fi\/rantaradanvarrelta\/monikanavainen\/#personImage","url":"https:\/\/secure.gravatar.com\/avatar\/b63713147775f221f54650ad9aaa6d31facf08793e47092d6e6b09e8a883f543?s=96&d=mm&r=g","width":96,"height":96,"caption":"Pauli"},"sameAs":["paufor"]},{"@type":"Person","@id":"https:\/\/www.pauliforma.fi\/rantaradanvarrelta\/author\/admin\/#author","url":"https:\/\/www.pauliforma.fi\/rantaradanvarrelta\/author\/admin\/","name":"Pauli","image":{"@type":"ImageObject","@id":"https:\/\/www.pauliforma.fi\/rantaradanvarrelta\/monikanavainen\/#authorImage","url":"https:\/\/secure.gravatar.com\/avatar\/b63713147775f221f54650ad9aaa6d31facf08793e47092d6e6b09e8a883f543?s=96&d=mm&r=g","width":96,"height":96,"caption":"Pauli"},"sameAs":["paufor"]},{"@type":"WebPage","@id":"https:\/\/www.pauliforma.fi\/rantaradanvarrelta\/monikanavainen\/#webpage","url":"https:\/\/www.pauliforma.fi\/rantaradanvarrelta\/monikanavainen\/","name":"Asiantuntijan monikanavainen viestint\u00e4 \u00bb Rantaradan varrelta","description":"Monikanavainen viestint\u00e4 asiantuntijaty\u00f6ss\u00e4 on t\u00e4m\u00e4n kirjoituksen teema. Viesti aktiivisesti, hy\u00f6dynn\u00e4 erilaisia kanavia ja tee yhteisty\u00f6t\u00e4.","inLanguage":"fi","isPartOf":{"@id":"https:\/\/www.pauliforma.fi\/rantaradanvarrelta\/#website"},"breadcrumb":{"@id":"https:\/\/www.pauliforma.fi\/rantaradanvarrelta\/monikanavainen\/#breadcrumblist"},"author":{"@id":"https:\/\/www.pauliforma.fi\/rantaradanvarrelta\/author\/admin\/#author"},"creator":{"@id":"https:\/\/www.pauliforma.fi\/rantaradanvarrelta\/author\/admin\/#author"},"datePublished":"2016-05-07T08:29:17+03:00","dateModified":"2016-05-07T08:29:17+03:00"},{"@type":"WebSite","@id":"https:\/\/www.pauliforma.fi\/rantaradanvarrelta\/#website","url":"https:\/\/www.pauliforma.fi\/rantaradanvarrelta\/","name":"Rantaradan varrelta","description":"Pauli Forman blogi: kirjoituksia ty\u00f6st\u00e4 ja el\u00e4m\u00e4st\u00e4","inLanguage":"fi","publisher":{"@id":"https:\/\/www.pauliforma.fi\/rantaradanvarrelta\/#person"}}]},"og:locale":"fi_FI","og:site_name":"Rantaradan varrelta","og:type":"article","og:title":"Asiantuntijan monikanavainen viestint\u00e4 \u00bb Rantaradan varrelta","og:description":"Monikanavainen viestint\u00e4 asiantuntijaty\u00f6ss\u00e4 on t\u00e4m\u00e4n kirjoituksen teema. Viesti aktiivisesti, hy\u00f6dynn\u00e4 erilaisia kanavia ja tee yhteisty\u00f6t\u00e4.","og:url":"https:\/\/www.pauliforma.fi\/rantaradanvarrelta\/monikanavainen\/","og:image":"https:\/\/farm8.staticflickr.com\/7164\/26239532914_472c60832f.jpg","og:image:secure_url":"https:\/\/farm8.staticflickr.com\/7164\/26239532914_472c60832f.jpg","article:section":"Kirjat","article:tag":["asiantuntijuus","blogit","digitaalisuus","media","sosiaalinen media","viestint\u00e4"],"article:published_time":"2016-05-07T05:29:17+00:00","article:modified_time":"2016-05-07T05:29:17+00:00","article:publisher":"https:\/\/www.facebook.com\/pauli.forma"},"aioseo_meta_data":{"post_id":"928","title":null,"description":"Monikanavainen viestint\u00e4 asiantuntijaty\u00f6ss\u00e4 on t\u00e4m\u00e4n kirjoituksen teema. Viesti aktiivisesti, hy\u00f6dynn\u00e4 erilaisia kanavia ja tee yhteisty\u00f6t\u00e4.","keywords":null,"keyphrases":{"focus":{"keyphrase":"Monikanavainen"},"additional":[]},"primary_term":null,"canonical_url":null,"og_title":null,"og_description":null,"og_object_type":"default","og_image_type":"content","og_image_url":null,"og_image_width":null,"og_image_height":null,"og_image_custom_url":null,"og_image_custom_fields":null,"og_video":null,"og_custom_url":null,"og_article_section":"Kirjat","og_article_tags":null,"twitter_use_og":true,"twitter_card":"default","twitter_image_type":"default","twitter_image_url":null,"twitter_image_custom_url":null,"twitter_image_custom_fields":null,"twitter_title":null,"twitter_description":null,"schema":{"blockGraphs":[],"customGraphs":[],"default":{"data":{"Article":[],"Course":[],"Dataset":[],"FAQPage":[],"Movie":[],"Person":[],"Product":[],"ProductReview":[],"Car":[],"Recipe":[],"Service":[],"SoftwareApplication":[],"WebPage":[]},"graphName":"","isEnabled":true},"graphs":[],"defaultGraph":"","defaultPostTypeGraph":""},"schema_type":"default","schema_type_options":null,"pillar_content":false,"robots_default":true,"robots_noindex":false,"robots_noarchive":false,"robots_nosnippet":false,"robots_nofollow":false,"robots_noimageindex":false,"robots_noodp":false,"robots_notranslate":false,"robots_max_snippet":null,"robots_max_videopreview":null,"robots_max_imagepreview":"large","priority":null,"frequency":null,"local_seo":null,"breadcrumb_settings":null,"limit_modified_date":false,"ai":null,"created":"2021-12-05 12:35:14","updated":"2025-06-03 23:30:00","seo_analyzer_scan_date":null,"focus_keyword":"Monikanavainen","additional_keywords":null,"truseo_locale":null},"aioseo_breadcrumb":"<div class=\"aioseo-breadcrumbs\"><span class=\"aioseo-breadcrumb\">\n\t\t\t<a href=\"https:\/\/www.pauliforma.fi\/rantaradanvarrelta\" title=\"Home\">Home<\/a>\n\t\t<\/span><span class=\"aioseo-breadcrumb-separator\">&raquo;<\/span><span class=\"aioseo-breadcrumb\">\n\t\t\t<a href=\"https:\/\/www.pauliforma.fi\/rantaradanvarrelta\/category\/kirjat\/\" title=\"Kirjat\">Kirjat<\/a>\n\t\t<\/span><span class=\"aioseo-breadcrumb-separator\">&raquo;<\/span><span class=\"aioseo-breadcrumb\">\n\t\t\tAsiantuntijan monikanavainen viestint\u00e4\n\t\t<\/span><\/div>","aioseo_breadcrumb_json":[{"label":"Home","link":"https:\/\/www.pauliforma.fi\/rantaradanvarrelta"},{"label":"Kirjat","link":"https:\/\/www.pauliforma.fi\/rantaradanvarrelta\/category\/kirjat\/"},{"label":"Asiantuntijan monikanavainen viestint\u00e4","link":"https:\/\/www.pauliforma.fi\/rantaradanvarrelta\/monikanavainen\/"}],"_links":{"self":[{"href":"https:\/\/www.pauliforma.fi\/rantaradanvarrelta\/wp-json\/wp\/v2\/posts\/928","targetHints":{"allow":["GET"]}}],"collection":[{"href":"https:\/\/www.pauliforma.fi\/rantaradanvarrelta\/wp-json\/wp\/v2\/posts"}],"about":[{"href":"https:\/\/www.pauliforma.fi\/rantaradanvarrelta\/wp-json\/wp\/v2\/types\/post"}],"author":[{"embeddable":true,"href":"https:\/\/www.pauliforma.fi\/rantaradanvarrelta\/wp-json\/wp\/v2\/users\/1"}],"replies":[{"embeddable":true,"href":"https:\/\/www.pauliforma.fi\/rantaradanvarrelta\/wp-json\/wp\/v2\/comments?post=928"}],"version-history":[{"count":20,"href":"https:\/\/www.pauliforma.fi\/rantaradanvarrelta\/wp-json\/wp\/v2\/posts\/928\/revisions"}],"predecessor-version":[{"id":948,"href":"https:\/\/www.pauliforma.fi\/rantaradanvarrelta\/wp-json\/wp\/v2\/posts\/928\/revisions\/948"}],"wp:attachment":[{"href":"https:\/\/www.pauliforma.fi\/rantaradanvarrelta\/wp-json\/wp\/v2\/media?parent=928"}],"wp:term":[{"taxonomy":"category","embeddable":true,"href":"https:\/\/www.pauliforma.fi\/rantaradanvarrelta\/wp-json\/wp\/v2\/categories?post=928"},{"taxonomy":"post_tag","embeddable":true,"href":"https:\/\/www.pauliforma.fi\/rantaradanvarrelta\/wp-json\/wp\/v2\/tags?post=928"}],"curies":[{"name":"wp","href":"https:\/\/api.w.org\/{rel}","templated":true}]}}